{"id":9804,"date":"2013-05-07T12:47:38","date_gmt":"2013-05-07T07:47:38","guid":{"rendered":"http:\/\/www.zerdab.com\/?p=9804"},"modified":"2013-05-07T12:47:38","modified_gmt":"2013-05-07T07:47:38","slug":"pullar-hesaba-kocuruldu-ala-bil%c9%99rsiniz","status":"publish","type":"post","link":"https:\/\/www.zerdab.com\/?p=9804","title":{"rendered":"Pullar hesaba k\u00f6\u00e7\u00fcr\u00fcld\u00fc, ala bil\u0259rsiniz"},"content":{"rendered":"<p><strong><img loading=\"lazy\" decoding=\"async\" class=\"aligncenter size-medium wp-image-9805\" alt=\"B\u00f6y\u00fck-V\u0259t\u0259n-m\u00fcharib\u0259si-i\u015ftirak\u00e7\u0131lar\u0131\" src=\"http:\/\/www.zerdab.com\/wp-content\/uploads\/2013\/05\/1941-1945-ci-ill\u0259r-B\u00f6y\u00fck-V\u0259t\u0259n-m\u00fcharib\u0259si-i\u015ftirak\u00e7\u0131lar\u0131-800x531-400x265.jpg\" width=\"400\" height=\"265\" \/>Az\u0259rbaycan Respublikas\u0131 D\u00f6vl\u0259t Sosial M\u00fcdafi\u0259 Fondu 1941-1945-ci ill\u0259r m\u00fcharib\u0259si i\u015ftirak\u00e7\u0131lar\u0131na bird\u0259f\u0259lik maddi yard\u0131m\u0131n \u00e7atd\u0131r\u0131lmas\u0131n\u0131 t\u0259min edib.<\/strong> Bel\u0259 ki, Az\u0259rbaycan Respublikas\u0131n\u0131n Prezidenti \u0130lham \u018fliyevin 23 aprel 2013-c\u00fc il tarixli &#8220;1941-1945 -ci ill\u0259r m\u00fcharib\u0259si i\u015ftirak\u00e7\u0131lar\u0131na, h\u0259lak olmu\u015f v\u0259 ya sonradan v\u0259fat etmi\u015f d\u00f6y\u00fc\u015f\u00e7\u00fcl\u0259rin dul arvadlar\u0131na, arxa c\u0259bh\u0259d\u0259 f\u0259dakar \u0259m\u0259yin\u0259 g\u00f6r\u0259 orden v\u0259 medallarla t\u0259ltif edilmi\u015f \u015f\u0259xsl\u0259r\u0259 bird\u0259f\u0259lik maddi yard\u0131m edilm\u0259si bar\u0259d\u0259&#8221; S\u0259r\u0259ncam\u0131 haz\u0131rki v\u0259ziyy\u0259t\u0259 25208 n\u0259f\u0259r\u0259 \u015famil olunub ki, bunlardan 2 201 n\u0259f\u0259ri bilavasit\u0259 B\u00f6y\u00fck V\u0259t\u0259n m\u00fcharib\u0259si i\u015ftirak\u00e7\u0131lar\u0131d\u0131r. \u00a0S\u0259r\u0259ncama \u0259sas\u0259n, bu kateqoriyadan olan \u015f\u0259xsl\u0259r\u0259 700 manat m\u0259bl\u0259\u011find\u0259 bird\u0259f\u0259lik yard\u0131m g\u00f6st\u0259rilmi\u015fdir.<\/p>\n<p>B\u00f6y\u00fck V\u0259t\u0259n m\u00fcharib\u0259sind\u0259 h\u0259lak olmu\u015f v\u0259 ya sonralar v\u0259fat etmi\u015f d\u00f6y\u00fc\u015f\u00e7\u00fcl\u0259rin dul arvadlar\u0131na, 1941-1945-ci ill\u0259rd\u0259 arxa c\u0259bh\u0259d\u0259 f\u0259dakar \u0259m\u0259yin\u0259 g\u00f6r\u0259 orden v\u0259 medallarla t\u0259ltif edilmi\u015f \u015f\u0259xsl\u0259r\u0259, \u0130kinci D\u00fcnya m\u00fcharib\u0259si ill\u0259rind\u0259 d\u00f6y\u00fc\u015f\u0259n c\u0259bh\u0259l\u0259rin arxa h\u00fcdudlar\u0131, yaxud d\u00f6y\u00fc\u015f\u0259n donanmalar\u0131n \u0259m\u0259liyyat zonalar\u0131 daxilind\u0259 ordunun v\u0259 donanman\u0131n m\u0259nafeyi \u00fc\u00e7\u00fcn tap\u015f\u0131r\u0131qlar\u0131 yerin\u0259 yetirmi\u015f x\u00fcsusi birl\u0259\u015fm\u0259l\u0259rin i\u015f\u00e7il\u0259rin\u0259, \u0130kinci D\u00fcnya m\u00fcharib\u0259si d\u00f6vr\u00fcnd\u0259 Leninqrad \u015f\u0259h\u0259rinin m\u00fcdafi\u0259sin\u0259 g\u00f6r\u0259 m\u00fcvafiq medal v\u0259 d\u00f6\u015f ni\u015fan\u0131 il\u0259 t\u0259ltif edilmi\u015f \u015f\u0259xsl\u0259r\u0259, habel\u0259 Leninqrad m\u00fchasir\u0259sinin i\u015ftirak\u00e7\u0131lar\u0131na is\u0259 300 manat m\u0259bl\u0259\u011find\u0259 bird\u0259f\u0259lik maddi yard\u0131m verilmi\u015fdir. Bu kateqoriyaya aid olan \u015f\u0259xsl\u0259rin say\u0131 is\u0259\u00a0 23 007 n\u0259f\u0259r t\u0259\u015fkil edir.<\/p>\n<p>X\u00fcsusi vur\u011fulamaq yerin\u0259 d\u00fc\u015f\u0259r ki, 1941-1945-ci ill\u0259r m\u00fcharib\u0259si i\u015ftirak\u00e7\u0131lar\u0131na ayr\u0131lan bird\u0259f\u0259lik maddi yard\u0131m\u0131n m\u0259bl\u0259\u011fin\u0259 g\u00f6r\u0259 Az\u0259rbaycan MDB \u00f6lk\u0259l\u0259ri i\u00e7\u0259risind\u0259 ilk yerd\u0259dir.<\/p>\n<p><span style=\"color: #ff0000;\"><strong>Az\u0259rbaycan Respublikas\u0131\u00a0D\u00f6vl\u0259t Sosial M\u00fcdafi\u0259 Fondu\u00a0\u0130ctimaiyy\u0259tl\u0259 \u0259laq\u0259l\u0259r sektoru.<\/strong><\/span><\/p>\n","protected":false},"excerpt":{"rendered":"<p>Az\u0259rbaycan Respublikas\u0131 D\u00f6vl\u0259t Sosial M\u00fcdafi\u0259 Fondu 1941-1945-ci ill\u0259r m\u00fcharib\u0259si i\u015ftirak\u00e7\u0131lar\u0131na bird\u0259f\u0259lik maddi yard\u0131m\u0131n \u00e7atd\u0131r\u0131lmas\u0131n\u0131 t\u0259min edib. Bel\u0259 ki, Az\u0259rbaycan Respublikas\u0131n\u0131n Prezidenti \u0130lham \u018fliyevin 23 aprel 2013-c\u00fc il tarixli &#8220;1941-1945 -ci ill\u0259r m\u00fcharib\u0259si i\u015ftirak\u00e7\u0131lar\u0131na, h\u0259lak olmu\u015f v\u0259 ya sonradan v\u0259fat etmi\u015f d\u00f6y\u00fc\u015f\u00e7\u00fcl\u0259rin dul arvadlar\u0131na, arxa c\u0259bh\u0259d\u0259 f\u0259dakar \u0259m\u0259yin\u0259 g\u00f6r\u0259 orden v\u0259 medallarla t\u0259ltif edilmi\u015f \u015f\u0259xsl\u0259r\u0259 bird\u0259f\u0259lik [&hellip;]<\/p>\n","protected":false},"author":1,"featured_media":0,"comment_status":"open","ping_status":"open","sticky":false,"template":"","format":"standard","meta":{"footnotes":""},"categories":[21],"tags":[],"class_list":{"0":"post-9804","1":"post","2":"type-post","3":"status-publish","4":"format-standard","6":"category-zrdab"},"yoast_head":"<!-- This site is optimized with the Yoast SEO plugin v27.0 - https:\/\/yoast.com\/product\/yoast-seo-wordpress\/ -->\n<title>Pullar hesaba k\u00f6\u00e7\u00fcr\u00fcld\u00fc, ala bil\u0259rsiniz - Z\u0259rdab.com<\/title>\n<meta name=\"robots\" content=\"index, follow, max-snippet:-1, max-image-preview:large, max-video-preview:-1\" \/>\n<link rel=\"canonical\" href=\"https:\/\/www.zerdab.com\/?p=9804\" \/>\n<meta property=\"og:locale\" content=\"az_AZ\" \/>\n<meta property=\"og:type\" content=\"article\" \/>\n<meta property=\"og:title\" content=\"Pullar hesaba k\u00f6\u00e7\u00fcr\u00fcld\u00fc, ala bil\u0259rsiniz - Z\u0259rdab.com\" \/>\n<meta property=\"og:description\" content=\"Az\u0259rbaycan Respublikas\u0131 D\u00f6vl\u0259t Sosial M\u00fcdafi\u0259 Fondu 1941-1945-ci ill\u0259r m\u00fcharib\u0259si i\u015ftirak\u00e7\u0131lar\u0131na bird\u0259f\u0259lik maddi yard\u0131m\u0131n \u00e7atd\u0131r\u0131lmas\u0131n\u0131 t\u0259min edib. Bel\u0259 ki, Az\u0259rbaycan Respublikas\u0131n\u0131n Prezidenti \u0130lham \u018fliyevin 23 aprel 2013-c\u00fc il tarixli &#8220;1941-1945 -ci ill\u0259r m\u00fcharib\u0259si i\u015ftirak\u00e7\u0131lar\u0131na, h\u0259lak olmu\u015f v\u0259 ya sonradan v\u0259fat etmi\u015f d\u00f6y\u00fc\u015f\u00e7\u00fcl\u0259rin dul arvadlar\u0131na, arxa c\u0259bh\u0259d\u0259 f\u0259dakar \u0259m\u0259yin\u0259 g\u00f6r\u0259 orden v\u0259 medallarla t\u0259ltif edilmi\u015f \u015f\u0259xsl\u0259r\u0259 bird\u0259f\u0259lik [&hellip;]\" \/>\n<meta property=\"og:url\" content=\"https:\/\/www.zerdab.com\/?p=9804\" \/>\n<meta property=\"og:site_name\" content=\"Z\u0259rdab.com\" \/>\n<meta property=\"article:published_time\" content=\"2013-05-07T07:47:38+00:00\" \/>\n<meta name=\"author\" content=\"admin\" \/>\n<meta name=\"twitter:card\" content=\"summary_large_image\" \/>\n<meta name=\"twitter:label1\" content=\"Written by\" \/>\n\t<meta name=\"twitter:data1\" content=\"admin\" \/>\n\t<meta name=\"twitter:label2\" content=\"Est. reading time\" \/>\n\t<meta name=\"twitter:data2\" content=\"2 minutes\" \/>\n<script type=\"application\/ld+json\" class=\"yoast-schema-graph\">{\"@context\":\"https:\/\/schema.org\",\"@graph\":[{\"@type\":\"Article\",\"@id\":\"https:\/\/www.zerdab.com\/?p=9804#article\",\"isPartOf\":{\"@id\":\"https:\/\/www.zerdab.com\/?p=9804\"},\"author\":{\"name\":\"admin\",\"@id\":\"https:\/\/www.zerdab.com\/#\/schema\/person\/97079b7570c1e89ec0d9e138c3672136\"},\"headline\":\"Pullar hesaba k\u00f6\u00e7\u00fcr\u00fcld\u00fc, ala bil\u0259rsiniz\",\"datePublished\":\"2013-05-07T07:47:38+00:00\",\"mainEntityOfPage\":{\"@id\":\"https:\/\/www.zerdab.com\/?p=9804\"},\"wordCount\":390,\"commentCount\":0,\"articleSection\":[\"C\u018fM\u0130YY\u018fT\"],\"inLanguage\":\"az\",\"potentialAction\":[{\"@type\":\"CommentAction\",\"name\":\"Comment\",\"target\":[\"https:\/\/www.zerdab.com\/?p=9804#respond\"]}]},{\"@type\":\"WebPage\",\"@id\":\"https:\/\/www.zerdab.com\/?p=9804\",\"url\":\"https:\/\/www.zerdab.com\/?p=9804\",\"name\":\"Pullar hesaba k\u00f6\u00e7\u00fcr\u00fcld\u00fc, ala bil\u0259rsiniz - Z\u0259rdab.com\",\"isPartOf\":{\"@id\":\"https:\/\/www.zerdab.com\/#website\"},\"datePublished\":\"2013-05-07T07:47:38+00:00\",\"author\":{\"@id\":\"https:\/\/www.zerdab.com\/#\/schema\/person\/97079b7570c1e89ec0d9e138c3672136\"},\"breadcrumb\":{\"@id\":\"https:\/\/www.zerdab.com\/?p=9804#breadcrumb\"},\"inLanguage\":\"az\",\"potentialAction\":[{\"@type\":\"ReadAction\",\"target\":[\"https:\/\/www.zerdab.com\/?p=9804\"]}]},{\"@type\":\"BreadcrumbList\",\"@id\":\"https:\/\/www.zerdab.com\/?p=9804#breadcrumb\",\"itemListElement\":[{\"@type\":\"ListItem\",\"position\":1,\"name\":\"Home\",\"item\":\"https:\/\/www.zerdab.com\/\"},{\"@type\":\"ListItem\",\"position\":2,\"name\":\"Pullar hesaba k\u00f6\u00e7\u00fcr\u00fcld\u00fc, ala bil\u0259rsiniz\"}]},{\"@type\":\"WebSite\",\"@id\":\"https:\/\/www.zerdab.com\/#website\",\"url\":\"https:\/\/www.zerdab.com\/\",\"name\":\"Z\u0259rdab.com\",\"description\":\"\",\"potentialAction\":[{\"@type\":\"SearchAction\",\"target\":{\"@type\":\"EntryPoint\",\"urlTemplate\":\"https:\/\/www.zerdab.com\/?s={search_term_string}\"},\"query-input\":{\"@type\":\"PropertyValueSpecification\",\"valueRequired\":true,\"valueName\":\"search_term_string\"}}],\"inLanguage\":\"az\"},{\"@type\":\"Person\",\"@id\":\"https:\/\/www.zerdab.com\/#\/schema\/person\/97079b7570c1e89ec0d9e138c3672136\",\"name\":\"admin\",\"image\":{\"@type\":\"ImageObject\",\"inLanguage\":\"az\",\"@id\":\"https:\/\/www.zerdab.com\/#\/schema\/person\/image\/\",\"url\":\"https:\/\/secure.gravatar.com\/avatar\/d9c52a9a27c32119cb6679a077fa3e2779e5f822c451cbf01098004361d466ec?s=96&d=mm&r=g\",\"contentUrl\":\"https:\/\/secure.gravatar.com\/avatar\/d9c52a9a27c32119cb6679a077fa3e2779e5f822c451cbf01098004361d466ec?s=96&d=mm&r=g\",\"caption\":\"admin\"},\"url\":\"https:\/\/www.zerdab.com\/?author=1\"}]}<\/script>\n<!-- \/ Yoast SEO plugin. -->","yoast_head_json":{"title":"Pullar hesaba k\u00f6\u00e7\u00fcr\u00fcld\u00fc, ala bil\u0259rsiniz - Z\u0259rdab.com","robots":{"index":"index","follow":"follow","max-snippet":"max-snippet:-1","max-image-preview":"max-image-preview:large","max-video-preview":"max-video-preview:-1"},"canonical":"https:\/\/www.zerdab.com\/?p=9804","og_locale":"az_AZ","og_type":"article","og_title":"Pullar hesaba k\u00f6\u00e7\u00fcr\u00fcld\u00fc, ala bil\u0259rsiniz - Z\u0259rdab.com","og_description":"Az\u0259rbaycan Respublikas\u0131 D\u00f6vl\u0259t Sosial M\u00fcdafi\u0259 Fondu 1941-1945-ci ill\u0259r m\u00fcharib\u0259si i\u015ftirak\u00e7\u0131lar\u0131na bird\u0259f\u0259lik maddi yard\u0131m\u0131n \u00e7atd\u0131r\u0131lmas\u0131n\u0131 t\u0259min edib. Bel\u0259 ki, Az\u0259rbaycan Respublikas\u0131n\u0131n Prezidenti \u0130lham \u018fliyevin 23 aprel 2013-c\u00fc il tarixli &#8220;1941-1945 -ci ill\u0259r m\u00fcharib\u0259si i\u015ftirak\u00e7\u0131lar\u0131na, h\u0259lak olmu\u015f v\u0259 ya sonradan v\u0259fat etmi\u015f d\u00f6y\u00fc\u015f\u00e7\u00fcl\u0259rin dul arvadlar\u0131na, arxa c\u0259bh\u0259d\u0259 f\u0259dakar \u0259m\u0259yin\u0259 g\u00f6r\u0259 orden v\u0259 medallarla t\u0259ltif edilmi\u015f \u015f\u0259xsl\u0259r\u0259 bird\u0259f\u0259lik [&hellip;]","og_url":"https:\/\/www.zerdab.com\/?p=9804","og_site_name":"Z\u0259rdab.com","article_published_time":"2013-05-07T07:47:38+00:00","author":"admin","twitter_card":"summary_large_image","twitter_misc":{"Written by":"admin","Est. reading time":"2 minutes"},"schema":{"@context":"https:\/\/schema.org","@graph":[{"@type":"Article","@id":"https:\/\/www.zerdab.com\/?p=9804#article","isPartOf":{"@id":"https:\/\/www.zerdab.com\/?p=9804"},"author":{"name":"admin","@id":"https:\/\/www.zerdab.com\/#\/schema\/person\/97079b7570c1e89ec0d9e138c3672136"},"headline":"Pullar hesaba k\u00f6\u00e7\u00fcr\u00fcld\u00fc, ala bil\u0259rsiniz","datePublished":"2013-05-07T07:47:38+00:00","mainEntityOfPage":{"@id":"https:\/\/www.zerdab.com\/?p=9804"},"wordCount":390,"commentCount":0,"articleSection":["C\u018fM\u0130YY\u018fT"],"inLanguage":"az","potentialAction":[{"@type":"CommentAction","name":"Comment","target":["https:\/\/www.zerdab.com\/?p=9804#respond"]}]},{"@type":"WebPage","@id":"https:\/\/www.zerdab.com\/?p=9804","url":"https:\/\/www.zerdab.com\/?p=9804","name":"Pullar hesaba k\u00f6\u00e7\u00fcr\u00fcld\u00fc, ala bil\u0259rsiniz - Z\u0259rdab.com","isPartOf":{"@id":"https:\/\/www.zerdab.com\/#website"},"datePublished":"2013-05-07T07:47:38+00:00","author":{"@id":"https:\/\/www.zerdab.com\/#\/schema\/person\/97079b7570c1e89ec0d9e138c3672136"},"breadcrumb":{"@id":"https:\/\/www.zerdab.com\/?p=9804#breadcrumb"},"inLanguage":"az","potentialAction":[{"@type":"ReadAction","target":["https:\/\/www.zerdab.com\/?p=9804"]}]},{"@type":"BreadcrumbList","@id":"https:\/\/www.zerdab.com\/?p=9804#breadcrumb","itemListElement":[{"@type":"ListItem","position":1,"name":"Home","item":"https:\/\/www.zerdab.com\/"},{"@type":"ListItem","position":2,"name":"Pullar hesaba k\u00f6\u00e7\u00fcr\u00fcld\u00fc, ala bil\u0259rsiniz"}]},{"@type":"WebSite","@id":"https:\/\/www.zerdab.com\/#website","url":"https:\/\/www.zerdab.com\/","name":"Z\u0259rdab.com","description":"","potentialAction":[{"@type":"SearchAction","target":{"@type":"EntryPoint","urlTemplate":"https:\/\/www.zerdab.com\/?s={search_term_string}"},"query-input":{"@type":"PropertyValueSpecification","valueRequired":true,"valueName":"search_term_string"}}],"inLanguage":"az"},{"@type":"Person","@id":"https:\/\/www.zerdab.com\/#\/schema\/person\/97079b7570c1e89ec0d9e138c3672136","name":"admin","image":{"@type":"ImageObject","inLanguage":"az","@id":"https:\/\/www.zerdab.com\/#\/schema\/person\/image\/","url":"https:\/\/secure.gravatar.com\/avatar\/d9c52a9a27c32119cb6679a077fa3e2779e5f822c451cbf01098004361d466ec?s=96&d=mm&r=g","contentUrl":"https:\/\/secure.gravatar.com\/avatar\/d9c52a9a27c32119cb6679a077fa3e2779e5f822c451cbf01098004361d466ec?s=96&d=mm&r=g","caption":"admin"},"url":"https:\/\/www.zerdab.com\/?author=1"}]}},"_links":{"self":[{"href":"https:\/\/www.zerdab.com\/index.php?rest_route=\/wp\/v2\/posts\/9804","targetHints":{"allow":["GET"]}}],"collection":[{"href":"https:\/\/www.zerdab.com\/index.php?rest_route=\/wp\/v2\/posts"}],"about":[{"href":"https:\/\/www.zerdab.com\/index.php?rest_route=\/wp\/v2\/types\/post"}],"author":[{"embeddable":true,"href":"https:\/\/www.zerdab.com\/index.php?rest_route=\/wp\/v2\/users\/1"}],"replies":[{"embeddable":true,"href":"https:\/\/www.zerdab.com\/index.php?rest_route=%2Fwp%2Fv2%2Fcomments&post=9804"}],"version-history":[{"count":2,"href":"https:\/\/www.zerdab.com\/index.php?rest_route=\/wp\/v2\/posts\/9804\/revisions"}],"predecessor-version":[{"id":9807,"href":"https:\/\/www.zerdab.com\/index.php?rest_route=\/wp\/v2\/posts\/9804\/revisions\/9807"}],"wp:attachment":[{"href":"https:\/\/www.zerdab.com\/index.php?rest_route=%2Fwp%2Fv2%2Fmedia&parent=9804"}],"wp:term":[{"taxonomy":"category","embeddable":true,"href":"https:\/\/www.zerdab.com\/index.php?rest_route=%2Fwp%2Fv2%2Fcategories&post=9804"},{"taxonomy":"post_tag","embeddable":true,"href":"https:\/\/www.zerdab.com\/index.php?rest_route=%2Fwp%2Fv2%2Ftags&post=9804"}],"curies":[{"name":"wp","href":"https:\/\/api.w.org\/{rel}","templated":true}]}}