{"id":9847,"date":"2013-05-08T18:44:11","date_gmt":"2013-05-08T13:44:11","guid":{"rendered":"http:\/\/www.zerdab.com\/?p=9847"},"modified":"2013-05-08T23:09:20","modified_gmt":"2013-05-08T18:09:20","slug":"lutv%c9%99li-babayev-z%c9%99rdabda-m%c9%99skunlasan-susali-m%c9%99cburi-kockunl%c9%99rl%c9%99-gorusdu","status":"publish","type":"post","link":"https:\/\/www.zerdab.com\/?p=9847","title":{"rendered":"Z\u0259rdabda m\u0259skunla\u015fan \u015fu\u015fal\u0131 m\u0259cburi k\u00f6\u00e7k\u00fcnl\u0259rl\u0259 g\u00f6r\u00fc\u015f &#8211; fotolar"},"content":{"rendered":"<p><strong><img loading=\"lazy\" decoding=\"async\" class=\"aligncenter size-large wp-image-9848\" alt=\"Z\u0259rdab rayonu\" src=\"http:\/\/www.zerdab.com\/wp-content\/uploads\/2013\/05\/Z\u0259rdab-rayonu-500x332.jpg\" width=\"500\" height=\"332\" \/>\u015eu\u015fa \u015f\u0259h\u0259rinin i\u015f\u011fal\u0131n\u0131n 21-ci ild\u00f6n\u00fcm\u00fc m\u00fcnasib\u0259til\u0259 Z\u0259rdab Rayon \u0130cra Hakimiyy\u0259tind\u0259 \u015eu\u015fadan olan m\u0259cburi k\u00f6\u00e7k\u00fcnl\u0259rl\u0259 g\u00f6r\u00fc\u015f ke\u00e7irilib. \u00a0Z\u0259rdab rayon icra hakimiyy\u0259tinin ba\u015f\u00e7\u0131s\u0131 L\u00fctv\u0259li Babayev g\u00f6r\u00fc\u015fd\u0259 \u00e7\u0131x\u0131\u015f edib. L. Babayev bildirib ki, \u00f6t\u0259n g\u00fcnl\u0259r \u0259rzind\u0259 \u015eu\u015fan\u0131n i\u015f\u011fal\u0131 il\u0259 ba\u011fl\u0131 Z\u0259rdab rayonunun t\u0259hsil, m\u0259d\u0259niyy\u0259t m\u00fc\u0259ssis\u0259l\u0259rind\u0259, \u0259m\u0259k kollektivl\u0259rind\u0259 silsil\u0259 t\u0259dbirl\u0259r ke\u00e7irilib.\u00a0<\/strong><strong>Bu g\u00fcn is\u0259 m\u0259hz \u015eu\u015fa rayonundan olan m\u0259cburi k\u00f6\u00e7k\u00fcnl\u0259rl\u0259 g\u00f6r\u00fc\u015f ke\u00e7irilir.<\/strong><\/p>\n<p>O, \u00e7\u0131x\u0131\u015f\u0131nda qeyd edib ki, Az\u0259rbaycan\u0131n dilb\u0259r gu\u015f\u0259si olan \u015eu\u015fa \u015f\u0259h\u0259rinin erm\u0259nil\u0259r t\u0259r\u0259find\u0259n i\u015f\u011fal\u0131ndan 21 il \u00f6t\u00fcr. Az\u0259rbaycan\u0131n unikal m\u0259rk\u0259zl\u0259rind\u0259n say\u0131lan \u015eu\u015fa \u015f\u0259h\u0259ri tarix\u0259n h\u0259r c\u00fcr h\u0259rbi m\u00fcdaxil\u0259l\u0259r\u0259 sin\u0259 g\u0259rmi\u015f, lakin 20-ci \u0259srin sonlar\u0131nda Az\u0259rbaycana r\u0259hb\u0259rlik ed\u0259n na\u015f\u0131 \u015f\u0259xsl\u0259rin g\u00fcnah\u0131 ucbat\u0131ndan d\u00fc\u015fm\u0259n q\u00fcvv\u0259l\u0259rin \u0259lin\u0259 ke\u00e7mi\u015fdir.<\/p>\n<p>\u015eu\u015fan\u0131n m\u00fcdafi\u0259si zaman\u0131 195 soyda\u015f\u0131m\u0131z \u015f\u0259hid olmu\u015f, 165 n\u0259f\u0259r yaralanm\u0131\u015f, 58 n\u0259f\u0259r is\u0259 itkin d\u00fc\u015fm\u00fc\u015fd\u00fcr. Tarixi abid\u0259l\u0259rimiz yerl\u0259 yeksan olunmu\u015fdur. 21 ildir ki, \u015fu\u015fal\u0131lar, el\u0259c\u0259 d\u0259 b\u00fct\u00fcn Az\u0259rbaycan \u015eu\u015fa h\u0259sr\u0259ti il\u0259 ya\u015fay\u0131r.<\/p>\n<p>\u00dcmummilli liderimiz Heyd\u0259r \u018fliyevin hakimiyy\u0259t\u0259 g\u0259li\u015find\u0259n sonra m\u0259cburi k\u00f6\u00e7k\u00fcn h\u0259yat\u0131 ya\u015fayan insanlar\u0131n h\u0259yat \u015f\u0259raitinin yax\u015f\u0131la\u015fd\u0131r\u0131lmas\u0131 \u00fc\u00e7\u00fcn z\u0259ruri olan b\u00fct\u00fcn t\u0259dbirl\u0259r g\u00f6r\u00fclm\u00fc\u015fd\u00fcr.<\/p>\n<p>Haz\u0131rda c\u0259nab Prezident, Ali Ba\u015f Komandan \u0130lham \u018fliyev t\u0259r\u0259find\u0259n d\u0259 bu t\u0259dbirl\u0259r u\u011furla h\u0259yata ke\u00e7irilir.<\/p>\n<p>\u0130cra ba\u015f\u00e7\u0131s\u0131 bildirib ki, Ali Ba\u015f Komandan\u0131m\u0131z, m\u00f6ht\u0259r\u0259m Prezidentimiz c\u0259nab \u0130lham \u018fliyevin diplomatik s\u0259yi n\u0259tic\u0259sind\u0259 i\u015f\u011fal olunmu\u015f b\u00fct\u00fcn torpaqlar\u0131m\u0131z, o c\u00fcml\u0259d\u0259n \u015eu\u015fa \u015f\u0259h\u0259ri yax\u0131n vaxtlarda i\u015f\u011faldan azad olunacaqd\u0131r.<\/p>\n<p>G\u00f6r\u00fc\u015fd\u0259 \u00e7\u0131x\u0131\u015f ed\u0259n m\u0259cburi k\u00f6\u00e7k\u00fcnl\u0259r daim onlara g\u00f6st\u0259ril\u0259n diqq\u0259t v\u0259 qay\u011f\u0131ya g\u00f6r\u0259 \u00f6lk\u0259 ba\u015f\u00e7\u0131s\u0131na minn\u0259tdarl\u0131qlar\u0131n\u0131 bildirdil\u0259r.<\/p>\n<p>Sonda m\u0259cburi k\u00f6\u00e7k\u00fcn ail\u0259l\u0259rin\u0259 maddi yard\u0131mlar olunub.<\/p>\n<p><span style=\"color: #ff0000;\"><b>Z\u0259rdab Rayon \u0130HB Aparat\u0131n\u0131n informasiya t\u0259minat\u0131 v\u0259 t\u0259hlil sektoru<\/b><\/span><\/p>\n<p><img loading=\"lazy\" decoding=\"async\" class=\"aligncenter size-large wp-image-9853\" alt=\"Zerdab\" src=\"http:\/\/www.zerdab.com\/wp-content\/uploads\/2013\/05\/Zerdab-1-500x332.jpg\" width=\"500\" height=\"332\" \/><\/p>\n<p><img loading=\"lazy\" decoding=\"async\" class=\"aligncenter size-large wp-image-9855\" alt=\"Zerdab\" src=\"http:\/\/www.zerdab.com\/wp-content\/uploads\/2013\/05\/Zerdab-500x332.jpg\" width=\"500\" height=\"332\" \/><\/p>\n<p><img loading=\"lazy\" decoding=\"async\" class=\"aligncenter size-large wp-image-9856\" alt=\"Zerdab\" src=\"http:\/\/www.zerdab.com\/wp-content\/uploads\/2013\/05\/Zerdab-2-500x332.jpg\" width=\"500\" height=\"332\" \/><\/p>\n<p><img loading=\"lazy\" decoding=\"async\" class=\"aligncenter size-large wp-image-9857\" alt=\"Zerdab rayonu\" src=\"http:\/\/www.zerdab.com\/wp-content\/uploads\/2013\/05\/Zerdab-rayonu1-500x332.jpg\" width=\"500\" height=\"332\" \/><\/p>\n<p><img loading=\"lazy\" decoding=\"async\" class=\"aligncenter size-large wp-image-9857\" alt=\"Zerdab rayonu\" src=\"http:\/\/www.zerdab.com\/wp-content\/uploads\/2013\/05\/Zerdab-rayonu1-500x332.jpg\" width=\"500\" height=\"332\" \/><\/p>\n<p><img loading=\"lazy\" decoding=\"async\" class=\"aligncenter size-large wp-image-9858\" alt=\"Zerdab rayonu\" src=\"http:\/\/www.zerdab.com\/wp-content\/uploads\/2013\/05\/Zerdab-4-500x332.jpg\" width=\"500\" height=\"332\" \/><\/p>\n","protected":false},"excerpt":{"rendered":"<p>\u015eu\u015fa \u015f\u0259h\u0259rinin i\u015f\u011fal\u0131n\u0131n 21-ci ild\u00f6n\u00fcm\u00fc m\u00fcnasib\u0259til\u0259 Z\u0259rdab Rayon \u0130cra Hakimiyy\u0259tind\u0259 \u015eu\u015fadan olan m\u0259cburi k\u00f6\u00e7k\u00fcnl\u0259rl\u0259 g\u00f6r\u00fc\u015f ke\u00e7irilib. \u00a0Z\u0259rdab rayon icra hakimiyy\u0259tinin ba\u015f\u00e7\u0131s\u0131 L\u00fctv\u0259li Babayev g\u00f6r\u00fc\u015fd\u0259 \u00e7\u0131x\u0131\u015f edib. L. Babayev bildirib ki, \u00f6t\u0259n g\u00fcnl\u0259r \u0259rzind\u0259 \u015eu\u015fan\u0131n i\u015f\u011fal\u0131 il\u0259 ba\u011fl\u0131 Z\u0259rdab rayonunun t\u0259hsil, m\u0259d\u0259niyy\u0259t m\u00fc\u0259ssis\u0259l\u0259rind\u0259, \u0259m\u0259k kollektivl\u0259rind\u0259 silsil\u0259 t\u0259dbirl\u0259r ke\u00e7irilib.\u00a0Bu g\u00fcn is\u0259 m\u0259hz \u015eu\u015fa rayonundan olan m\u0259cburi k\u00f6\u00e7k\u00fcnl\u0259rl\u0259 [&hellip;]<\/p>\n","protected":false},"author":1,"featured_media":0,"comment_status":"open","ping_status":"open","sticky":false,"template":"","format":"standard","meta":{"footnotes":""},"categories":[21],"tags":[],"class_list":{"0":"post-9847","1":"post","2":"type-post","3":"status-publish","4":"format-standard","6":"category-zrdab"},"yoast_head":"<!-- This site is optimized with the Yoast SEO plugin v27.0 - https:\/\/yoast.com\/product\/yoast-seo-wordpress\/ -->\n<title>Z\u0259rdabda m\u0259skunla\u015fan \u015fu\u015fal\u0131 m\u0259cburi k\u00f6\u00e7k\u00fcnl\u0259rl\u0259 g\u00f6r\u00fc\u015f - fotolar - Z\u0259rdab.com<\/title>\n<meta name=\"robots\" content=\"index, follow, max-snippet:-1, max-image-preview:large, max-video-preview:-1\" \/>\n<link rel=\"canonical\" href=\"https:\/\/www.zerdab.com\/?p=9847\" \/>\n<meta property=\"og:locale\" content=\"az_AZ\" \/>\n<meta property=\"og:type\" content=\"article\" \/>\n<meta property=\"og:title\" content=\"Z\u0259rdabda m\u0259skunla\u015fan \u015fu\u015fal\u0131 m\u0259cburi k\u00f6\u00e7k\u00fcnl\u0259rl\u0259 g\u00f6r\u00fc\u015f - fotolar - Z\u0259rdab.com\" \/>\n<meta property=\"og:description\" content=\"\u015eu\u015fa \u015f\u0259h\u0259rinin i\u015f\u011fal\u0131n\u0131n 21-ci ild\u00f6n\u00fcm\u00fc m\u00fcnasib\u0259til\u0259 Z\u0259rdab Rayon \u0130cra Hakimiyy\u0259tind\u0259 \u015eu\u015fadan olan m\u0259cburi k\u00f6\u00e7k\u00fcnl\u0259rl\u0259 g\u00f6r\u00fc\u015f ke\u00e7irilib. \u00a0Z\u0259rdab rayon icra hakimiyy\u0259tinin ba\u015f\u00e7\u0131s\u0131 L\u00fctv\u0259li Babayev g\u00f6r\u00fc\u015fd\u0259 \u00e7\u0131x\u0131\u015f edib. L. Babayev bildirib ki, \u00f6t\u0259n g\u00fcnl\u0259r \u0259rzind\u0259 \u015eu\u015fan\u0131n i\u015f\u011fal\u0131 il\u0259 ba\u011fl\u0131 Z\u0259rdab rayonunun t\u0259hsil, m\u0259d\u0259niyy\u0259t m\u00fc\u0259ssis\u0259l\u0259rind\u0259, \u0259m\u0259k kollektivl\u0259rind\u0259 silsil\u0259 t\u0259dbirl\u0259r ke\u00e7irilib.\u00a0Bu g\u00fcn is\u0259 m\u0259hz \u015eu\u015fa rayonundan olan m\u0259cburi k\u00f6\u00e7k\u00fcnl\u0259rl\u0259 [&hellip;]\" \/>\n<meta property=\"og:url\" content=\"https:\/\/www.zerdab.com\/?p=9847\" \/>\n<meta property=\"og:site_name\" content=\"Z\u0259rdab.com\" \/>\n<meta property=\"article:published_time\" content=\"2013-05-08T13:44:11+00:00\" \/>\n<meta property=\"article:modified_time\" content=\"2013-05-08T18:09:20+00:00\" \/>\n<meta property=\"og:image\" content=\"http:\/\/www.zerdab.com\/wp-content\/uploads\/2013\/05\/Zerdab-1-500x332.jpg\" \/>\n<meta name=\"author\" content=\"admin\" \/>\n<meta name=\"twitter:card\" content=\"summary_large_image\" \/>\n<meta name=\"twitter:label1\" content=\"Written by\" \/>\n\t<meta name=\"twitter:data1\" content=\"admin\" \/>\n\t<meta name=\"twitter:label2\" content=\"Est. reading time\" \/>\n\t<meta name=\"twitter:data2\" content=\"2 minutes\" \/>\n<script type=\"application\/ld+json\" class=\"yoast-schema-graph\">{\"@context\":\"https:\/\/schema.org\",\"@graph\":[{\"@type\":\"Article\",\"@id\":\"https:\/\/www.zerdab.com\/?p=9847#article\",\"isPartOf\":{\"@id\":\"https:\/\/www.zerdab.com\/?p=9847\"},\"author\":{\"name\":\"admin\",\"@id\":\"https:\/\/www.zerdab.com\/#\/schema\/person\/97079b7570c1e89ec0d9e138c3672136\"},\"headline\":\"Z\u0259rdabda m\u0259skunla\u015fan \u015fu\u015fal\u0131 m\u0259cburi k\u00f6\u00e7k\u00fcnl\u0259rl\u0259 g\u00f6r\u00fc\u015f &#8211; fotolar\",\"datePublished\":\"2013-05-08T13:44:11+00:00\",\"dateModified\":\"2013-05-08T18:09:20+00:00\",\"mainEntityOfPage\":{\"@id\":\"https:\/\/www.zerdab.com\/?p=9847\"},\"wordCount\":459,\"commentCount\":2,\"image\":{\"@id\":\"https:\/\/www.zerdab.com\/?p=9847#primaryimage\"},\"thumbnailUrl\":\"http:\/\/www.zerdab.com\/wp-content\/uploads\/2013\/05\/Zerdab-1-500x332.jpg\",\"articleSection\":[\"C\u018fM\u0130YY\u018fT\"],\"inLanguage\":\"az\",\"potentialAction\":[{\"@type\":\"CommentAction\",\"name\":\"Comment\",\"target\":[\"https:\/\/www.zerdab.com\/?p=9847#respond\"]}]},{\"@type\":\"WebPage\",\"@id\":\"https:\/\/www.zerdab.com\/?p=9847\",\"url\":\"https:\/\/www.zerdab.com\/?p=9847\",\"name\":\"Z\u0259rdabda m\u0259skunla\u015fan \u015fu\u015fal\u0131 m\u0259cburi k\u00f6\u00e7k\u00fcnl\u0259rl\u0259 g\u00f6r\u00fc\u015f - fotolar - Z\u0259rdab.com\",\"isPartOf\":{\"@id\":\"https:\/\/www.zerdab.com\/#website\"},\"primaryImageOfPage\":{\"@id\":\"https:\/\/www.zerdab.com\/?p=9847#primaryimage\"},\"image\":{\"@id\":\"https:\/\/www.zerdab.com\/?p=9847#primaryimage\"},\"thumbnailUrl\":\"http:\/\/www.zerdab.com\/wp-content\/uploads\/2013\/05\/Zerdab-1-500x332.jpg\",\"datePublished\":\"2013-05-08T13:44:11+00:00\",\"dateModified\":\"2013-05-08T18:09:20+00:00\",\"author\":{\"@id\":\"https:\/\/www.zerdab.com\/#\/schema\/person\/97079b7570c1e89ec0d9e138c3672136\"},\"breadcrumb\":{\"@id\":\"https:\/\/www.zerdab.com\/?p=9847#breadcrumb\"},\"inLanguage\":\"az\",\"potentialAction\":[{\"@type\":\"ReadAction\",\"target\":[\"https:\/\/www.zerdab.com\/?p=9847\"]}]},{\"@type\":\"ImageObject\",\"inLanguage\":\"az\",\"@id\":\"https:\/\/www.zerdab.com\/?p=9847#primaryimage\",\"url\":\"\",\"contentUrl\":\"\"},{\"@type\":\"BreadcrumbList\",\"@id\":\"https:\/\/www.zerdab.com\/?p=9847#breadcrumb\",\"itemListElement\":[{\"@type\":\"ListItem\",\"position\":1,\"name\":\"Home\",\"item\":\"https:\/\/www.zerdab.com\/\"},{\"@type\":\"ListItem\",\"position\":2,\"name\":\"Z\u0259rdabda m\u0259skunla\u015fan \u015fu\u015fal\u0131 m\u0259cburi k\u00f6\u00e7k\u00fcnl\u0259rl\u0259 g\u00f6r\u00fc\u015f &#8211; fotolar\"}]},{\"@type\":\"WebSite\",\"@id\":\"https:\/\/www.zerdab.com\/#website\",\"url\":\"https:\/\/www.zerdab.com\/\",\"name\":\"Z\u0259rdab.com\",\"description\":\"\",\"potentialAction\":[{\"@type\":\"SearchAction\",\"target\":{\"@type\":\"EntryPoint\",\"urlTemplate\":\"https:\/\/www.zerdab.com\/?s={search_term_string}\"},\"query-input\":{\"@type\":\"PropertyValueSpecification\",\"valueRequired\":true,\"valueName\":\"search_term_string\"}}],\"inLanguage\":\"az\"},{\"@type\":\"Person\",\"@id\":\"https:\/\/www.zerdab.com\/#\/schema\/person\/97079b7570c1e89ec0d9e138c3672136\",\"name\":\"admin\",\"image\":{\"@type\":\"ImageObject\",\"inLanguage\":\"az\",\"@id\":\"https:\/\/www.zerdab.com\/#\/schema\/person\/image\/\",\"url\":\"https:\/\/secure.gravatar.com\/avatar\/d9c52a9a27c32119cb6679a077fa3e2779e5f822c451cbf01098004361d466ec?s=96&d=mm&r=g\",\"contentUrl\":\"https:\/\/secure.gravatar.com\/avatar\/d9c52a9a27c32119cb6679a077fa3e2779e5f822c451cbf01098004361d466ec?s=96&d=mm&r=g\",\"caption\":\"admin\"},\"url\":\"https:\/\/www.zerdab.com\/?author=1\"}]}<\/script>\n<!-- \/ Yoast SEO plugin. -->","yoast_head_json":{"title":"Z\u0259rdabda m\u0259skunla\u015fan \u015fu\u015fal\u0131 m\u0259cburi k\u00f6\u00e7k\u00fcnl\u0259rl\u0259 g\u00f6r\u00fc\u015f - fotolar - Z\u0259rdab.com","robots":{"index":"index","follow":"follow","max-snippet":"max-snippet:-1","max-image-preview":"max-image-preview:large","max-video-preview":"max-video-preview:-1"},"canonical":"https:\/\/www.zerdab.com\/?p=9847","og_locale":"az_AZ","og_type":"article","og_title":"Z\u0259rdabda m\u0259skunla\u015fan \u015fu\u015fal\u0131 m\u0259cburi k\u00f6\u00e7k\u00fcnl\u0259rl\u0259 g\u00f6r\u00fc\u015f - fotolar - Z\u0259rdab.com","og_description":"\u015eu\u015fa \u015f\u0259h\u0259rinin i\u015f\u011fal\u0131n\u0131n 21-ci ild\u00f6n\u00fcm\u00fc m\u00fcnasib\u0259til\u0259 Z\u0259rdab Rayon \u0130cra Hakimiyy\u0259tind\u0259 \u015eu\u015fadan olan m\u0259cburi k\u00f6\u00e7k\u00fcnl\u0259rl\u0259 g\u00f6r\u00fc\u015f ke\u00e7irilib. \u00a0Z\u0259rdab rayon icra hakimiyy\u0259tinin ba\u015f\u00e7\u0131s\u0131 L\u00fctv\u0259li Babayev g\u00f6r\u00fc\u015fd\u0259 \u00e7\u0131x\u0131\u015f edib. L. Babayev bildirib ki, \u00f6t\u0259n g\u00fcnl\u0259r \u0259rzind\u0259 \u015eu\u015fan\u0131n i\u015f\u011fal\u0131 il\u0259 ba\u011fl\u0131 Z\u0259rdab rayonunun t\u0259hsil, m\u0259d\u0259niyy\u0259t m\u00fc\u0259ssis\u0259l\u0259rind\u0259, \u0259m\u0259k kollektivl\u0259rind\u0259 silsil\u0259 t\u0259dbirl\u0259r ke\u00e7irilib.\u00a0Bu g\u00fcn is\u0259 m\u0259hz \u015eu\u015fa rayonundan olan m\u0259cburi k\u00f6\u00e7k\u00fcnl\u0259rl\u0259 [&hellip;]","og_url":"https:\/\/www.zerdab.com\/?p=9847","og_site_name":"Z\u0259rdab.com","article_published_time":"2013-05-08T13:44:11+00:00","article_modified_time":"2013-05-08T18:09:20+00:00","og_image":[{"url":"http:\/\/www.zerdab.com\/wp-content\/uploads\/2013\/05\/Zerdab-1-500x332.jpg","type":"","width":"","height":""}],"author":"admin","twitter_card":"summary_large_image","twitter_misc":{"Written by":"admin","Est. reading time":"2 minutes"},"schema":{"@context":"https:\/\/schema.org","@graph":[{"@type":"Article","@id":"https:\/\/www.zerdab.com\/?p=9847#article","isPartOf":{"@id":"https:\/\/www.zerdab.com\/?p=9847"},"author":{"name":"admin","@id":"https:\/\/www.zerdab.com\/#\/schema\/person\/97079b7570c1e89ec0d9e138c3672136"},"headline":"Z\u0259rdabda m\u0259skunla\u015fan \u015fu\u015fal\u0131 m\u0259cburi k\u00f6\u00e7k\u00fcnl\u0259rl\u0259 g\u00f6r\u00fc\u015f &#8211; fotolar","datePublished":"2013-05-08T13:44:11+00:00","dateModified":"2013-05-08T18:09:20+00:00","mainEntityOfPage":{"@id":"https:\/\/www.zerdab.com\/?p=9847"},"wordCount":459,"commentCount":2,"image":{"@id":"https:\/\/www.zerdab.com\/?p=9847#primaryimage"},"thumbnailUrl":"http:\/\/www.zerdab.com\/wp-content\/uploads\/2013\/05\/Zerdab-1-500x332.jpg","articleSection":["C\u018fM\u0130YY\u018fT"],"inLanguage":"az","potentialAction":[{"@type":"CommentAction","name":"Comment","target":["https:\/\/www.zerdab.com\/?p=9847#respond"]}]},{"@type":"WebPage","@id":"https:\/\/www.zerdab.com\/?p=9847","url":"https:\/\/www.zerdab.com\/?p=9847","name":"Z\u0259rdabda m\u0259skunla\u015fan \u015fu\u015fal\u0131 m\u0259cburi k\u00f6\u00e7k\u00fcnl\u0259rl\u0259 g\u00f6r\u00fc\u015f - fotolar - Z\u0259rdab.com","isPartOf":{"@id":"https:\/\/www.zerdab.com\/#website"},"primaryImageOfPage":{"@id":"https:\/\/www.zerdab.com\/?p=9847#primaryimage"},"image":{"@id":"https:\/\/www.zerdab.com\/?p=9847#primaryimage"},"thumbnailUrl":"http:\/\/www.zerdab.com\/wp-content\/uploads\/2013\/05\/Zerdab-1-500x332.jpg","datePublished":"2013-05-08T13:44:11+00:00","dateModified":"2013-05-08T18:09:20+00:00","author":{"@id":"https:\/\/www.zerdab.com\/#\/schema\/person\/97079b7570c1e89ec0d9e138c3672136"},"breadcrumb":{"@id":"https:\/\/www.zerdab.com\/?p=9847#breadcrumb"},"inLanguage":"az","potentialAction":[{"@type":"ReadAction","target":["https:\/\/www.zerdab.com\/?p=9847"]}]},{"@type":"ImageObject","inLanguage":"az","@id":"https:\/\/www.zerdab.com\/?p=9847#primaryimage","url":"","contentUrl":""},{"@type":"BreadcrumbList","@id":"https:\/\/www.zerdab.com\/?p=9847#breadcrumb","itemListElement":[{"@type":"ListItem","position":1,"name":"Home","item":"https:\/\/www.zerdab.com\/"},{"@type":"ListItem","position":2,"name":"Z\u0259rdabda m\u0259skunla\u015fan \u015fu\u015fal\u0131 m\u0259cburi k\u00f6\u00e7k\u00fcnl\u0259rl\u0259 g\u00f6r\u00fc\u015f &#8211; fotolar"}]},{"@type":"WebSite","@id":"https:\/\/www.zerdab.com\/#website","url":"https:\/\/www.zerdab.com\/","name":"Z\u0259rdab.com","description":"","potentialAction":[{"@type":"SearchAction","target":{"@type":"EntryPoint","urlTemplate":"https:\/\/www.zerdab.com\/?s={search_term_string}"},"query-input":{"@type":"PropertyValueSpecification","valueRequired":true,"valueName":"search_term_string"}}],"inLanguage":"az"},{"@type":"Person","@id":"https:\/\/www.zerdab.com\/#\/schema\/person\/97079b7570c1e89ec0d9e138c3672136","name":"admin","image":{"@type":"ImageObject","inLanguage":"az","@id":"https:\/\/www.zerdab.com\/#\/schema\/person\/image\/","url":"https:\/\/secure.gravatar.com\/avatar\/d9c52a9a27c32119cb6679a077fa3e2779e5f822c451cbf01098004361d466ec?s=96&d=mm&r=g","contentUrl":"https:\/\/secure.gravatar.com\/avatar\/d9c52a9a27c32119cb6679a077fa3e2779e5f822c451cbf01098004361d466ec?s=96&d=mm&r=g","caption":"admin"},"url":"https:\/\/www.zerdab.com\/?author=1"}]}},"_links":{"self":[{"href":"https:\/\/www.zerdab.com\/index.php?rest_route=\/wp\/v2\/posts\/9847","targetHints":{"allow":["GET"]}}],"collection":[{"href":"https:\/\/www.zerdab.com\/index.php?rest_route=\/wp\/v2\/posts"}],"about":[{"href":"https:\/\/www.zerdab.com\/index.php?rest_route=\/wp\/v2\/types\/post"}],"author":[{"embeddable":true,"href":"https:\/\/www.zerdab.com\/index.php?rest_route=\/wp\/v2\/users\/1"}],"replies":[{"embeddable":true,"href":"https:\/\/www.zerdab.com\/index.php?rest_route=%2Fwp%2Fv2%2Fcomments&post=9847"}],"version-history":[{"count":7,"href":"https:\/\/www.zerdab.com\/index.php?rest_route=\/wp\/v2\/posts\/9847\/revisions"}],"predecessor-version":[{"id":9884,"href":"https:\/\/www.zerdab.com\/index.php?rest_route=\/wp\/v2\/posts\/9847\/revisions\/9884"}],"wp:attachment":[{"href":"https:\/\/www.zerdab.com\/index.php?rest_route=%2Fwp%2Fv2%2Fmedia&parent=9847"}],"wp:term":[{"taxonomy":"category","embeddable":true,"href":"https:\/\/www.zerdab.com\/index.php?rest_route=%2Fwp%2Fv2%2Fcategories&post=9847"},{"taxonomy":"post_tag","embeddable":true,"href":"https:\/\/www.zerdab.com\/index.php?rest_route=%2Fwp%2Fv2%2Ftags&post=9847"}],"curies":[{"name":"wp","href":"https:\/\/api.w.org\/{rel}","templated":true}]}}