{"id":9865,"date":"2013-05-08T22:35:43","date_gmt":"2013-05-08T17:35:43","guid":{"rendered":"http:\/\/www.zerdab.com\/?p=9865"},"modified":"2013-05-08T22:38:28","modified_gmt":"2013-05-08T17:38:28","slug":"g%c9%99ncl%c9%99rimiz-f%c9%99xri-xiyabanda-fotolar","status":"publish","type":"post","link":"https:\/\/www.zerdab.com\/?p=9865","title":{"rendered":"G\u0259ncl\u0259rimiz F\u0259xri Xiyabanda &#8211; fotolar"},"content":{"rendered":"<p><img loading=\"lazy\" decoding=\"async\" class=\"aligncenter size-large wp-image-9866\" alt=\"Zerdab gencleri\" src=\"http:\/\/www.zerdab.com\/wp-content\/uploads\/2013\/05\/Zerdab-gencleri-4-500x375.jpg\" width=\"500\" height=\"375\" \/>M\u00fcasir m\u00fcst\u0259qil Az\u0259rbaycan d\u00f6vl\u0259tinin memar\u0131 v\u0259 qurucusu, d\u00fcnya \u015f\u00f6hr\u0259tli siyasi xadim, xalq\u0131m\u0131z\u0131n \u00fcmummilli lideri Heyd\u0259r \u018fliyevin anadan olmas\u0131n\u0131n 90-c\u0131 ild\u00f6n\u00fcm\u00fc \u0259r\u0259f\u0259sind\u0259 &#8211; 5 may 2013-c\u00fc il tarixd\u0259 Z\u0259rdab rayonundan bir qrup g\u0259nc F\u0259xri xiyabana g\u0259l\u0259r\u0259k ulu \u00f6nd\u0259rin xatir\u0259sini ehtiramla an\u0131b, m\u0259zar\u0131 \u00f6n\u00fcn\u0259 g\u00fcl d\u0259st\u0259l\u0259ri qoyublar.<\/p>\n<p>Ulu \u00d6nd\u0259rin m\u0259zar\u0131n\u0131 ziyar\u0259t ed\u0259n g\u0259ncl\u0259r daha sonra Akademik Z\u0259rif\u0259 xan\u0131m \u018fliyevan\u0131n \u0259ziz xatir\u0259sini yad edib, m\u0259zar\u0131 \u00f6n\u00fcn\u0259 g\u00fcl d\u0259st\u0259l\u0259ri d\u00fcz\u00fcbl\u0259r.<\/p>\n<p><span style=\"color: #ff0000;\"><strong><em>Z\u0259rdab rayon G\u0259ncl\u0259r v\u0259<\/em> \u0130dman \u0130dar\u0259si<\/strong><\/span><\/p>\n<p><img loading=\"lazy\" decoding=\"async\" class=\"aligncenter size-large wp-image-9867\" alt=\"Zerdab gencleri\" src=\"http:\/\/www.zerdab.com\/wp-content\/uploads\/2013\/05\/Zerdab-gencleri-5-500x375.jpg\" width=\"500\" height=\"375\" \/><img loading=\"lazy\" decoding=\"async\" class=\"aligncenter size-large wp-image-9868\" alt=\"Z\u0259rdab g\u0259ncl\u0259ri\" src=\"http:\/\/www.zerdab.com\/wp-content\/uploads\/2013\/05\/Zerdab-gencleri-6-500x375.jpg\" width=\"500\" height=\"375\" \/><img loading=\"lazy\" decoding=\"async\" class=\"aligncenter size-large wp-image-9869\" alt=\"Z\u0259rdab g\u0259ncl\u0259ri\" src=\"http:\/\/www.zerdab.com\/wp-content\/uploads\/2013\/05\/Zerdab-gencleri-500x375.jpg\" width=\"500\" height=\"375\" \/><img loading=\"lazy\" decoding=\"async\" class=\"aligncenter size-large wp-image-9870\" alt=\"Z\u0259rdab g\u0259ncl\u0259ri\" src=\"http:\/\/www.zerdab.com\/wp-content\/uploads\/2013\/05\/Zerdab-gencleri-2-500x375.jpg\" width=\"500\" height=\"375\" \/><img loading=\"lazy\" decoding=\"async\" class=\"aligncenter size-large wp-image-9871\" alt=\"Z\u0259rdab g\u0259ncl\u0259ri\" src=\"http:\/\/www.zerdab.com\/wp-content\/uploads\/2013\/05\/Zerdab-gencleri-3-500x375.jpg\" width=\"500\" height=\"375\" \/><\/p>\n<p><span style=\"color: #ff0000;\"><strong>Zerdab.com<\/strong><\/span><\/p>\n","protected":false},"excerpt":{"rendered":"<p>M\u00fcasir m\u00fcst\u0259qil Az\u0259rbaycan d\u00f6vl\u0259tinin memar\u0131 v\u0259 qurucusu, d\u00fcnya \u015f\u00f6hr\u0259tli siyasi xadim, xalq\u0131m\u0131z\u0131n \u00fcmummilli lideri Heyd\u0259r \u018fliyevin anadan olmas\u0131n\u0131n 90-c\u0131 ild\u00f6n\u00fcm\u00fc \u0259r\u0259f\u0259sind\u0259 &#8211; 5 may 2013-c\u00fc il tarixd\u0259 Z\u0259rdab rayonundan bir qrup g\u0259nc F\u0259xri xiyabana g\u0259l\u0259r\u0259k ulu \u00f6nd\u0259rin xatir\u0259sini ehtiramla an\u0131b, m\u0259zar\u0131 \u00f6n\u00fcn\u0259 g\u00fcl d\u0259st\u0259l\u0259ri qoyublar. Ulu \u00d6nd\u0259rin m\u0259zar\u0131n\u0131 ziyar\u0259t ed\u0259n g\u0259ncl\u0259r daha sonra Akademik Z\u0259rif\u0259 [&hellip;]<\/p>\n","protected":false},"author":1,"featured_media":0,"comment_status":"open","ping_status":"open","sticky":false,"template":"","format":"standard","meta":{"footnotes":""},"categories":[21],"tags":[],"class_list":{"0":"post-9865","1":"post","2":"type-post","3":"status-publish","4":"format-standard","6":"category-zrdab"},"yoast_head":"<!-- This site is optimized with the Yoast SEO plugin v27.0 - https:\/\/yoast.com\/product\/yoast-seo-wordpress\/ -->\n<title>G\u0259ncl\u0259rimiz F\u0259xri Xiyabanda - fotolar - Z\u0259rdab.com<\/title>\n<meta name=\"robots\" content=\"index, follow, max-snippet:-1, max-image-preview:large, max-video-preview:-1\" \/>\n<link rel=\"canonical\" href=\"https:\/\/www.zerdab.com\/?p=9865\" \/>\n<meta property=\"og:locale\" content=\"az_AZ\" \/>\n<meta property=\"og:type\" content=\"article\" \/>\n<meta property=\"og:title\" content=\"G\u0259ncl\u0259rimiz F\u0259xri Xiyabanda - fotolar - Z\u0259rdab.com\" \/>\n<meta property=\"og:description\" content=\"M\u00fcasir m\u00fcst\u0259qil Az\u0259rbaycan d\u00f6vl\u0259tinin memar\u0131 v\u0259 qurucusu, d\u00fcnya \u015f\u00f6hr\u0259tli siyasi xadim, xalq\u0131m\u0131z\u0131n \u00fcmummilli lideri Heyd\u0259r \u018fliyevin anadan olmas\u0131n\u0131n 90-c\u0131 ild\u00f6n\u00fcm\u00fc \u0259r\u0259f\u0259sind\u0259 &#8211; 5 may 2013-c\u00fc il tarixd\u0259 Z\u0259rdab rayonundan bir qrup g\u0259nc F\u0259xri xiyabana g\u0259l\u0259r\u0259k ulu \u00f6nd\u0259rin xatir\u0259sini ehtiramla an\u0131b, m\u0259zar\u0131 \u00f6n\u00fcn\u0259 g\u00fcl d\u0259st\u0259l\u0259ri qoyublar. Ulu \u00d6nd\u0259rin m\u0259zar\u0131n\u0131 ziyar\u0259t ed\u0259n g\u0259ncl\u0259r daha sonra Akademik Z\u0259rif\u0259 [&hellip;]\" \/>\n<meta property=\"og:url\" content=\"https:\/\/www.zerdab.com\/?p=9865\" \/>\n<meta property=\"og:site_name\" content=\"Z\u0259rdab.com\" \/>\n<meta property=\"article:published_time\" content=\"2013-05-08T17:35:43+00:00\" \/>\n<meta property=\"article:modified_time\" content=\"2013-05-08T17:38:28+00:00\" \/>\n<meta property=\"og:image\" content=\"http:\/\/www.zerdab.com\/wp-content\/uploads\/2013\/05\/Zerdab-gencleri-4-500x375.jpg\" \/>\n<meta name=\"author\" content=\"admin\" \/>\n<meta name=\"twitter:card\" content=\"summary_large_image\" \/>\n<meta name=\"twitter:label1\" content=\"Written by\" \/>\n\t<meta name=\"twitter:data1\" content=\"admin\" \/>\n\t<meta name=\"twitter:label2\" content=\"Est. reading time\" \/>\n\t<meta name=\"twitter:data2\" content=\"1 minute\" \/>\n<script type=\"application\/ld+json\" class=\"yoast-schema-graph\">{\"@context\":\"https:\/\/schema.org\",\"@graph\":[{\"@type\":\"Article\",\"@id\":\"https:\/\/www.zerdab.com\/?p=9865#article\",\"isPartOf\":{\"@id\":\"https:\/\/www.zerdab.com\/?p=9865\"},\"author\":{\"name\":\"admin\",\"@id\":\"https:\/\/www.zerdab.com\/#\/schema\/person\/97079b7570c1e89ec0d9e138c3672136\"},\"headline\":\"G\u0259ncl\u0259rimiz F\u0259xri Xiyabanda &#8211; fotolar\",\"datePublished\":\"2013-05-08T17:35:43+00:00\",\"dateModified\":\"2013-05-08T17:38:28+00:00\",\"mainEntityOfPage\":{\"@id\":\"https:\/\/www.zerdab.com\/?p=9865\"},\"wordCount\":138,\"commentCount\":0,\"image\":{\"@id\":\"https:\/\/www.zerdab.com\/?p=9865#primaryimage\"},\"thumbnailUrl\":\"http:\/\/www.zerdab.com\/wp-content\/uploads\/2013\/05\/Zerdab-gencleri-4-500x375.jpg\",\"articleSection\":[\"C\u018fM\u0130YY\u018fT\"],\"inLanguage\":\"az\",\"potentialAction\":[{\"@type\":\"CommentAction\",\"name\":\"Comment\",\"target\":[\"https:\/\/www.zerdab.com\/?p=9865#respond\"]}]},{\"@type\":\"WebPage\",\"@id\":\"https:\/\/www.zerdab.com\/?p=9865\",\"url\":\"https:\/\/www.zerdab.com\/?p=9865\",\"name\":\"G\u0259ncl\u0259rimiz F\u0259xri Xiyabanda - fotolar - Z\u0259rdab.com\",\"isPartOf\":{\"@id\":\"https:\/\/www.zerdab.com\/#website\"},\"primaryImageOfPage\":{\"@id\":\"https:\/\/www.zerdab.com\/?p=9865#primaryimage\"},\"image\":{\"@id\":\"https:\/\/www.zerdab.com\/?p=9865#primaryimage\"},\"thumbnailUrl\":\"http:\/\/www.zerdab.com\/wp-content\/uploads\/2013\/05\/Zerdab-gencleri-4-500x375.jpg\",\"datePublished\":\"2013-05-08T17:35:43+00:00\",\"dateModified\":\"2013-05-08T17:38:28+00:00\",\"author\":{\"@id\":\"https:\/\/www.zerdab.com\/#\/schema\/person\/97079b7570c1e89ec0d9e138c3672136\"},\"breadcrumb\":{\"@id\":\"https:\/\/www.zerdab.com\/?p=9865#breadcrumb\"},\"inLanguage\":\"az\",\"potentialAction\":[{\"@type\":\"ReadAction\",\"target\":[\"https:\/\/www.zerdab.com\/?p=9865\"]}]},{\"@type\":\"ImageObject\",\"inLanguage\":\"az\",\"@id\":\"https:\/\/www.zerdab.com\/?p=9865#primaryimage\",\"url\":\"\",\"contentUrl\":\"\"},{\"@type\":\"BreadcrumbList\",\"@id\":\"https:\/\/www.zerdab.com\/?p=9865#breadcrumb\",\"itemListElement\":[{\"@type\":\"ListItem\",\"position\":1,\"name\":\"Home\",\"item\":\"https:\/\/www.zerdab.com\/\"},{\"@type\":\"ListItem\",\"position\":2,\"name\":\"G\u0259ncl\u0259rimiz F\u0259xri Xiyabanda &#8211; fotolar\"}]},{\"@type\":\"WebSite\",\"@id\":\"https:\/\/www.zerdab.com\/#website\",\"url\":\"https:\/\/www.zerdab.com\/\",\"name\":\"Z\u0259rdab.com\",\"description\":\"\",\"potentialAction\":[{\"@type\":\"SearchAction\",\"target\":{\"@type\":\"EntryPoint\",\"urlTemplate\":\"https:\/\/www.zerdab.com\/?s={search_term_string}\"},\"query-input\":{\"@type\":\"PropertyValueSpecification\",\"valueRequired\":true,\"valueName\":\"search_term_string\"}}],\"inLanguage\":\"az\"},{\"@type\":\"Person\",\"@id\":\"https:\/\/www.zerdab.com\/#\/schema\/person\/97079b7570c1e89ec0d9e138c3672136\",\"name\":\"admin\",\"image\":{\"@type\":\"ImageObject\",\"inLanguage\":\"az\",\"@id\":\"https:\/\/www.zerdab.com\/#\/schema\/person\/image\/\",\"url\":\"https:\/\/secure.gravatar.com\/avatar\/d9c52a9a27c32119cb6679a077fa3e2779e5f822c451cbf01098004361d466ec?s=96&d=mm&r=g\",\"contentUrl\":\"https:\/\/secure.gravatar.com\/avatar\/d9c52a9a27c32119cb6679a077fa3e2779e5f822c451cbf01098004361d466ec?s=96&d=mm&r=g\",\"caption\":\"admin\"},\"url\":\"https:\/\/www.zerdab.com\/?author=1\"}]}<\/script>\n<!-- \/ Yoast SEO plugin. -->","yoast_head_json":{"title":"G\u0259ncl\u0259rimiz F\u0259xri Xiyabanda - fotolar - Z\u0259rdab.com","robots":{"index":"index","follow":"follow","max-snippet":"max-snippet:-1","max-image-preview":"max-image-preview:large","max-video-preview":"max-video-preview:-1"},"canonical":"https:\/\/www.zerdab.com\/?p=9865","og_locale":"az_AZ","og_type":"article","og_title":"G\u0259ncl\u0259rimiz F\u0259xri Xiyabanda - fotolar - Z\u0259rdab.com","og_description":"M\u00fcasir m\u00fcst\u0259qil Az\u0259rbaycan d\u00f6vl\u0259tinin memar\u0131 v\u0259 qurucusu, d\u00fcnya \u015f\u00f6hr\u0259tli siyasi xadim, xalq\u0131m\u0131z\u0131n \u00fcmummilli lideri Heyd\u0259r \u018fliyevin anadan olmas\u0131n\u0131n 90-c\u0131 ild\u00f6n\u00fcm\u00fc \u0259r\u0259f\u0259sind\u0259 &#8211; 5 may 2013-c\u00fc il tarixd\u0259 Z\u0259rdab rayonundan bir qrup g\u0259nc F\u0259xri xiyabana g\u0259l\u0259r\u0259k ulu \u00f6nd\u0259rin xatir\u0259sini ehtiramla an\u0131b, m\u0259zar\u0131 \u00f6n\u00fcn\u0259 g\u00fcl d\u0259st\u0259l\u0259ri qoyublar. Ulu \u00d6nd\u0259rin m\u0259zar\u0131n\u0131 ziyar\u0259t ed\u0259n g\u0259ncl\u0259r daha sonra Akademik Z\u0259rif\u0259 [&hellip;]","og_url":"https:\/\/www.zerdab.com\/?p=9865","og_site_name":"Z\u0259rdab.com","article_published_time":"2013-05-08T17:35:43+00:00","article_modified_time":"2013-05-08T17:38:28+00:00","og_image":[{"url":"http:\/\/www.zerdab.com\/wp-content\/uploads\/2013\/05\/Zerdab-gencleri-4-500x375.jpg","type":"","width":"","height":""}],"author":"admin","twitter_card":"summary_large_image","twitter_misc":{"Written by":"admin","Est. reading time":"1 minute"},"schema":{"@context":"https:\/\/schema.org","@graph":[{"@type":"Article","@id":"https:\/\/www.zerdab.com\/?p=9865#article","isPartOf":{"@id":"https:\/\/www.zerdab.com\/?p=9865"},"author":{"name":"admin","@id":"https:\/\/www.zerdab.com\/#\/schema\/person\/97079b7570c1e89ec0d9e138c3672136"},"headline":"G\u0259ncl\u0259rimiz F\u0259xri Xiyabanda &#8211; fotolar","datePublished":"2013-05-08T17:35:43+00:00","dateModified":"2013-05-08T17:38:28+00:00","mainEntityOfPage":{"@id":"https:\/\/www.zerdab.com\/?p=9865"},"wordCount":138,"commentCount":0,"image":{"@id":"https:\/\/www.zerdab.com\/?p=9865#primaryimage"},"thumbnailUrl":"http:\/\/www.zerdab.com\/wp-content\/uploads\/2013\/05\/Zerdab-gencleri-4-500x375.jpg","articleSection":["C\u018fM\u0130YY\u018fT"],"inLanguage":"az","potentialAction":[{"@type":"CommentAction","name":"Comment","target":["https:\/\/www.zerdab.com\/?p=9865#respond"]}]},{"@type":"WebPage","@id":"https:\/\/www.zerdab.com\/?p=9865","url":"https:\/\/www.zerdab.com\/?p=9865","name":"G\u0259ncl\u0259rimiz F\u0259xri Xiyabanda - fotolar - Z\u0259rdab.com","isPartOf":{"@id":"https:\/\/www.zerdab.com\/#website"},"primaryImageOfPage":{"@id":"https:\/\/www.zerdab.com\/?p=9865#primaryimage"},"image":{"@id":"https:\/\/www.zerdab.com\/?p=9865#primaryimage"},"thumbnailUrl":"http:\/\/www.zerdab.com\/wp-content\/uploads\/2013\/05\/Zerdab-gencleri-4-500x375.jpg","datePublished":"2013-05-08T17:35:43+00:00","dateModified":"2013-05-08T17:38:28+00:00","author":{"@id":"https:\/\/www.zerdab.com\/#\/schema\/person\/97079b7570c1e89ec0d9e138c3672136"},"breadcrumb":{"@id":"https:\/\/www.zerdab.com\/?p=9865#breadcrumb"},"inLanguage":"az","potentialAction":[{"@type":"ReadAction","target":["https:\/\/www.zerdab.com\/?p=9865"]}]},{"@type":"ImageObject","inLanguage":"az","@id":"https:\/\/www.zerdab.com\/?p=9865#primaryimage","url":"","contentUrl":""},{"@type":"BreadcrumbList","@id":"https:\/\/www.zerdab.com\/?p=9865#breadcrumb","itemListElement":[{"@type":"ListItem","position":1,"name":"Home","item":"https:\/\/www.zerdab.com\/"},{"@type":"ListItem","position":2,"name":"G\u0259ncl\u0259rimiz F\u0259xri Xiyabanda &#8211; fotolar"}]},{"@type":"WebSite","@id":"https:\/\/www.zerdab.com\/#website","url":"https:\/\/www.zerdab.com\/","name":"Z\u0259rdab.com","description":"","potentialAction":[{"@type":"SearchAction","target":{"@type":"EntryPoint","urlTemplate":"https:\/\/www.zerdab.com\/?s={search_term_string}"},"query-input":{"@type":"PropertyValueSpecification","valueRequired":true,"valueName":"search_term_string"}}],"inLanguage":"az"},{"@type":"Person","@id":"https:\/\/www.zerdab.com\/#\/schema\/person\/97079b7570c1e89ec0d9e138c3672136","name":"admin","image":{"@type":"ImageObject","inLanguage":"az","@id":"https:\/\/www.zerdab.com\/#\/schema\/person\/image\/","url":"https:\/\/secure.gravatar.com\/avatar\/d9c52a9a27c32119cb6679a077fa3e2779e5f822c451cbf01098004361d466ec?s=96&d=mm&r=g","contentUrl":"https:\/\/secure.gravatar.com\/avatar\/d9c52a9a27c32119cb6679a077fa3e2779e5f822c451cbf01098004361d466ec?s=96&d=mm&r=g","caption":"admin"},"url":"https:\/\/www.zerdab.com\/?author=1"}]}},"_links":{"self":[{"href":"https:\/\/www.zerdab.com\/index.php?rest_route=\/wp\/v2\/posts\/9865","targetHints":{"allow":["GET"]}}],"collection":[{"href":"https:\/\/www.zerdab.com\/index.php?rest_route=\/wp\/v2\/posts"}],"about":[{"href":"https:\/\/www.zerdab.com\/index.php?rest_route=\/wp\/v2\/types\/post"}],"author":[{"embeddable":true,"href":"https:\/\/www.zerdab.com\/index.php?rest_route=\/wp\/v2\/users\/1"}],"replies":[{"embeddable":true,"href":"https:\/\/www.zerdab.com\/index.php?rest_route=%2Fwp%2Fv2%2Fcomments&post=9865"}],"version-history":[{"count":3,"href":"https:\/\/www.zerdab.com\/index.php?rest_route=\/wp\/v2\/posts\/9865\/revisions"}],"predecessor-version":[{"id":9873,"href":"https:\/\/www.zerdab.com\/index.php?rest_route=\/wp\/v2\/posts\/9865\/revisions\/9873"}],"wp:attachment":[{"href":"https:\/\/www.zerdab.com\/index.php?rest_route=%2Fwp%2Fv2%2Fmedia&parent=9865"}],"wp:term":[{"taxonomy":"category","embeddable":true,"href":"https:\/\/www.zerdab.com\/index.php?rest_route=%2Fwp%2Fv2%2Fcategories&post=9865"},{"taxonomy":"post_tag","embeddable":true,"href":"https:\/\/www.zerdab.com\/index.php?rest_route=%2Fwp%2Fv2%2Ftags&post=9865"}],"curies":[{"name":"wp","href":"https:\/\/api.w.org\/{rel}","templated":true}]}}