{"id":9901,"date":"2013-05-09T18:59:33","date_gmt":"2013-05-09T13:59:33","guid":{"rendered":"http:\/\/www.zerdab.com\/?p=9901"},"modified":"2013-05-09T18:59:33","modified_gmt":"2013-05-09T13:59:33","slug":"z%c9%99rdab-rayonunda-q%c9%99l%c9%99b%c9%99-gunu-qeyd-olundu-fotolar","status":"publish","type":"post","link":"https:\/\/www.zerdab.com\/?p=9901","title":{"rendered":"Z\u0259rdab rayonunda Q\u0259l\u0259b\u0259 G\u00fcn\u00fc qeyd olundu &#8211; fotolar"},"content":{"rendered":"<p><span style=\"color: #0000ff;\"><strong><img loading=\"lazy\" decoding=\"async\" class=\"aligncenter size-large wp-image-9902\" alt=\"1941-1945-ci ill\u0259r B\u00f6y\u00fck V\u0259t\u0259n m\u00fcharib\u0259si i\u015ftirak\u00e7\u0131lar\u0131\" src=\"http:\/\/www.zerdab.com\/wp-content\/uploads\/2013\/05\/1941-1945-ci-ill\u0259r-B\u00f6y\u00fck-V\u0259t\u0259n-m\u00fcharib\u0259si-i\u015ftirak\u00e7\u0131lar\u0131-2-600x398.jpg\" width=\"600\" height=\"398\" \/><\/strong><strong>Fa\u015fizm \u00fcz\u0259rind\u0259 q\u0259l\u0259b\u0259nin 68-ci ild\u00f6n\u00fcm\u00fc m\u00fcnasib\u0259til\u0259 Z\u0259rdab rayonunda K\u00fcr \u00e7ay\u0131 sahilind\u0259ki Q\u0259l\u0259b\u0259 meydan\u0131nda \u00fcmumrayon m\u0259rasimi ke\u00e7irilib. Zerdab.com sayt\u0131n<\/strong><strong>a <\/strong><b>Z\u0259rdab Rayon \u0130HB Aparat\u0131n\u0131n informasiya t\u0259minat\u0131 v\u0259 t\u0259hlil sektorundan veril\u0259n <\/b><strong>m\u0259lumata g\u00f6r\u0259, t\u0259dbir i\u015ftirak\u00e7\u0131lar\u0131 \u0259vv\u0259lc\u0259 1941-1945-ci ill\u0259r m\u00fcharib\u0259sind\u0259 h\u0259lak olmu\u015f z\u0259rdabl\u0131lar\u0131n xatir\u0259sin\u0259 ucald\u0131lm\u0131\u015f abid\u0259 kompleksi \u00f6n\u00fcn\u0259, sonra is\u0259 Z\u0259rdab rayonundan olan Sovet \u0130ttifaq\u0131 Q\u0259hr\u0259man\u0131 M\u0259lik M\u0259h\u0259rr\u0259movun b\u00fcst\u00fc \u00f6n\u00fcn\u0259 g\u00fcl d\u0259st\u0259l\u0259ri qoyublar.<\/strong> <\/span>Z\u0259rdab rayon icra hakimiyy\u0259tinin ba\u015f\u00e7\u0131s\u0131 L\u00fctv\u0259li Babayev 9 may fa\u015fizm \u00fcz\u0259rind\u0259 q\u0259l\u0259b\u0259 g\u00fcn\u00fc\u00a0 bar\u0259d\u0259 \u0259trafl\u0131 m\u0259lumat verib. Bildirib ki, XX \u0259srd\u0259 \u0130kinci D\u00fcnya m\u00fcharib\u0259si ill\u0259ri b\u0259\u015f\u0259riyy\u0259t \u00fc\u00e7\u00fcn \u0259n a\u011f\u0131r v\u0259 d\u0259h\u015f\u0259tli d\u00f6vr olub: \u201cFa\u015fizm b\u00fct\u00fcn b\u0259\u015f\u0259riyy\u0259ti t\u0259hl\u00fck\u0259 alt\u0131na alm\u0131\u015fd\u0131. \u0130kinci D\u00fcnya m\u00fcharib\u0259si ill\u0259rind\u0259 Az\u0259rbaycan xalq\u0131 h\u0259m c\u0259bh\u0259 b\u00f6lg\u0259l\u0259rind\u0259, h\u0259m d\u0259 arxa c\u0259bh\u0259d\u0259 b\u00f6y\u00fck q\u0259hr\u0259manl\u0131q v\u0259 igidlik n\u00fcmun\u0259l\u0259ri g\u00f6st\u0259rib.\u00a0Bu q\u0259hr\u0259manlar aras\u0131nda z\u0259rdabl\u0131lar da \u00e7ox olublar. Z\u0259rdabdan 3384 n\u0259f\u0259r m\u00fcharib\u0259d\u0259 i\u015ftirak etmi\u015f, onlardan 1407 n\u0259f\u0259r geri d\u00f6nm\u0259mi\u015fdir. Z\u0259rdab rayonundan olan M\u0259lik M\u0259h\u0259rr\u0259mov Sovet \u0130ttifaq\u0131 Q\u0259hr\u0259man\u0131 ad\u0131na layiq g\u00f6r\u00fclm\u00fc\u015fd\u00fcr. Muradal\u0131 Heyd\u0259rov is\u0259 \u201c\u015e\u00f6hr\u0259t\u201d ordeninin h\u0259r 3 d\u0259r\u0259c\u0259si il\u0259 t\u0259ltif edilmi\u015fdir. 2011-ci ild\u0259 is\u0259 o, Prezident t\u0259qa\u00fcd\u00fcn\u0259 layiq g\u00f6r\u00fclm\u00fc\u015fd\u00fcr\u201d. Qeyd olunub ki, \u00f6lk\u0259mizin m\u00fcharib\u0259 \u015f\u0259raitind\u0259 olmas\u0131na baxmayaraq d\u00f6vl\u0259timizin ba\u015f\u00e7\u0131s\u0131 b\u00fct\u00fcn insanlara, x\u00fcsusil\u0259, m\u00fcharib\u0259 veteranlar\u0131na, onlar\u0131n sosial probleml\u0259rinin h\u0259llin\u0259 y\u00fcks\u0259k diqq\u0259t v\u0259 qay\u011f\u0131 g\u00f6st\u0259rir. D\u00f6vl\u0259t ba\u015f\u00e7\u0131s\u0131 t\u0259r\u0259find\u0259n m\u00fcharib\u0259 veteranlar\u0131n\u0131n v\u0259 onlar\u0131n dul arvadlar\u0131n\u0131n sosial m\u00fcdafi\u0259si t\u0259dbirl\u0259rinin g\u00fccl\u0259ndirilm\u0259si il\u0259 ba\u011fl\u0131 veteranlara 700 manat, arxa c\u0259bh\u0259d\u0259 \u00e7al\u0131\u015fanlara 300 manat v\u0259saitin verilm\u0259si il\u0259 ba\u011fl\u0131 s\u0259r\u0259ncam bu diqq\u0259t v\u0259 qay\u011f\u0131n\u0131n \u0259yani t\u0259zah\u00fcr\u00fcd\u00fcr.<\/p>\n<p>L\u00fctv\u0259li Babayev bildirib ki, Ali Ba\u015f Komandan\u0131m\u0131z\u0131n ordu quruculu\u011funa, Az\u0259rbaycan\u0131n m\u00fcdafi\u0259 q\u00fcdr\u0259tinin m\u00f6hk\u0259ml\u0259ndirilm\u0259sin\u0259 g\u00f6st\u0259rdiyi diqq\u0259t v\u0259 qay\u011f\u0131 h\u0259r bir az\u0259rbaycanl\u0131n\u0131 q\u0259lb\u0259n sevindirir: \u201cBu g\u00fcn Erm\u0259nistan\u0131 susdurma\u011fa qadir ordumuz var. Lakin inan\u0131r\u0131q ki, Erm\u0259nistan-Az\u0259rbaycan-Da\u011fl\u0131q Qaraba\u011f problemi c\u0259nab \u0130lham \u018fliyevin m\u00fcdrik siyas\u0259ti il\u0259 s\u00fclh yolu il\u0259 \u00f6z h\u0259llini tapacaqd\u0131r\u201d.<\/p>\n<p>M\u0259rasimd\u0259 Az\u0259rbaycan Respublikas\u0131 M\u00fcharib\u0259, \u018fm\u0259k, Silahl\u0131 Q\u00fcvv\u0259l\u0259r v\u0259 H\u00fcquq M\u00fchafiz\u0259 Orqanlar\u0131 Veteranlar\u0131 \u015euras\u0131 Z\u0259rdab rayon t\u0259\u015fkilat\u0131n\u0131n s\u0259dri H\u00fcseyn H\u0259s\u0259nov \u00e7\u0131x\u0131\u015f edib.<\/p>\n<p>Daha sonra rayon m\u0259kt\u0259blil\u0259rinin haz\u0131rlad\u0131qlar\u0131 kompozisiyalar n\u00fcmayi\u015f olunub.<\/p>\n<p>Sonda Z\u0259rdabdan olan B\u00f6y\u00fck V\u0259t\u0259n M\u00fcharib\u0259si veteranlar\u0131na maddi yard\u0131mlar t\u0259qdim edilib.<\/p>\n<p>T\u0259dbir konsert proqram\u0131 il\u0259 davam etdirilib.<\/p>\n<p><img loading=\"lazy\" decoding=\"async\" class=\"aligncenter size-large wp-image-9903\" alt=\"1941-1945-ci ill\u0259r B\u00f6y\u00fck V\u0259t\u0259n m\u00fcharib\u0259si i\u015ftirak\u00e7\u0131lar\u0131\" src=\"http:\/\/www.zerdab.com\/wp-content\/uploads\/2013\/05\/1941-1945-ci-ill\u0259r-B\u00f6y\u00fck-V\u0259t\u0259n-m\u00fcharib\u0259si-i\u015ftirak\u00e7\u0131lar\u0131-4-600x398.jpg\" width=\"600\" height=\"398\" \/><img loading=\"lazy\" decoding=\"async\" class=\"aligncenter size-large wp-image-9904\" alt=\"1941-1945-ci ill\u0259r B\u00f6y\u00fck V\u0259t\u0259n m\u00fcharib\u0259si i\u015ftirak\u00e7\u0131lar\u0131\" src=\"http:\/\/www.zerdab.com\/wp-content\/uploads\/2013\/05\/1941-1945-ci-ill\u0259r-B\u00f6y\u00fck-V\u0259t\u0259n-m\u00fcharib\u0259si-i\u015ftirak\u00e7\u0131lar\u0131-5-600x398.jpg\" width=\"600\" height=\"398\" \/><\/p>\n<p><img loading=\"lazy\" decoding=\"async\" class=\"aligncenter size-large wp-image-9905\" alt=\"1941-1945-ci ill\u0259r B\u00f6y\u00fck V\u0259t\u0259n m\u00fcharib\u0259si i\u015ftirak\u00e7\u0131lar\u0131\" src=\"http:\/\/www.zerdab.com\/wp-content\/uploads\/2013\/05\/1941-1945-ci-ill\u0259r-B\u00f6y\u00fck-V\u0259t\u0259n-m\u00fcharib\u0259si-i\u015ftirak\u00e7\u0131lar\u0131-3-600x398.jpg\" width=\"600\" height=\"398\" \/><\/p>\n<p><span style=\"color: #ff0000;\"><strong>Zerdab.com<\/strong><\/span><\/p>\n","protected":false},"excerpt":{"rendered":"<p>Fa\u015fizm \u00fcz\u0259rind\u0259 q\u0259l\u0259b\u0259nin 68-ci ild\u00f6n\u00fcm\u00fc m\u00fcnasib\u0259til\u0259 Z\u0259rdab rayonunda K\u00fcr \u00e7ay\u0131 sahilind\u0259ki Q\u0259l\u0259b\u0259 meydan\u0131nda \u00fcmumrayon m\u0259rasimi ke\u00e7irilib. Zerdab.com sayt\u0131na Z\u0259rdab Rayon \u0130HB Aparat\u0131n\u0131n informasiya t\u0259minat\u0131 v\u0259 t\u0259hlil sektorundan veril\u0259n m\u0259lumata g\u00f6r\u0259, t\u0259dbir i\u015ftirak\u00e7\u0131lar\u0131 \u0259vv\u0259lc\u0259 1941-1945-ci ill\u0259r m\u00fcharib\u0259sind\u0259 h\u0259lak olmu\u015f z\u0259rdabl\u0131lar\u0131n xatir\u0259sin\u0259 ucald\u0131lm\u0131\u015f abid\u0259 kompleksi \u00f6n\u00fcn\u0259, sonra is\u0259 Z\u0259rdab rayonundan olan Sovet \u0130ttifaq\u0131 Q\u0259hr\u0259man\u0131 M\u0259lik M\u0259h\u0259rr\u0259movun b\u00fcst\u00fc [&hellip;]<\/p>\n","protected":false},"author":1,"featured_media":0,"comment_status":"open","ping_status":"open","sticky":false,"template":"","format":"standard","meta":{"footnotes":""},"categories":[5],"tags":[],"class_list":{"0":"post-9901","1":"post","2":"type-post","3":"status-publish","4":"format-standard","6":"category-knd"},"yoast_head":"<!-- This site is optimized with the Yoast SEO plugin v27.0 - https:\/\/yoast.com\/product\/yoast-seo-wordpress\/ -->\n<title>Z\u0259rdab rayonunda Q\u0259l\u0259b\u0259 G\u00fcn\u00fc qeyd olundu - fotolar - Z\u0259rdab.com<\/title>\n<meta name=\"robots\" content=\"index, follow, max-snippet:-1, max-image-preview:large, max-video-preview:-1\" \/>\n<link rel=\"canonical\" href=\"https:\/\/www.zerdab.com\/?p=9901\" \/>\n<meta property=\"og:locale\" content=\"az_AZ\" \/>\n<meta property=\"og:type\" content=\"article\" \/>\n<meta property=\"og:title\" content=\"Z\u0259rdab rayonunda Q\u0259l\u0259b\u0259 G\u00fcn\u00fc qeyd olundu - fotolar - Z\u0259rdab.com\" \/>\n<meta property=\"og:description\" content=\"Fa\u015fizm \u00fcz\u0259rind\u0259 q\u0259l\u0259b\u0259nin 68-ci ild\u00f6n\u00fcm\u00fc m\u00fcnasib\u0259til\u0259 Z\u0259rdab rayonunda K\u00fcr \u00e7ay\u0131 sahilind\u0259ki Q\u0259l\u0259b\u0259 meydan\u0131nda \u00fcmumrayon m\u0259rasimi ke\u00e7irilib. Zerdab.com sayt\u0131na Z\u0259rdab Rayon \u0130HB Aparat\u0131n\u0131n informasiya t\u0259minat\u0131 v\u0259 t\u0259hlil sektorundan veril\u0259n m\u0259lumata g\u00f6r\u0259, t\u0259dbir i\u015ftirak\u00e7\u0131lar\u0131 \u0259vv\u0259lc\u0259 1941-1945-ci ill\u0259r m\u00fcharib\u0259sind\u0259 h\u0259lak olmu\u015f z\u0259rdabl\u0131lar\u0131n xatir\u0259sin\u0259 ucald\u0131lm\u0131\u015f abid\u0259 kompleksi \u00f6n\u00fcn\u0259, sonra is\u0259 Z\u0259rdab rayonundan olan Sovet \u0130ttifaq\u0131 Q\u0259hr\u0259man\u0131 M\u0259lik M\u0259h\u0259rr\u0259movun b\u00fcst\u00fc [&hellip;]\" \/>\n<meta property=\"og:url\" content=\"https:\/\/www.zerdab.com\/?p=9901\" \/>\n<meta property=\"og:site_name\" content=\"Z\u0259rdab.com\" \/>\n<meta property=\"article:published_time\" content=\"2013-05-09T13:59:33+00:00\" \/>\n<meta name=\"author\" content=\"admin\" \/>\n<meta name=\"twitter:card\" content=\"summary_large_image\" \/>\n<meta name=\"twitter:label1\" content=\"Written by\" \/>\n\t<meta name=\"twitter:data1\" content=\"admin\" \/>\n\t<meta name=\"twitter:label2\" content=\"Est. reading time\" \/>\n\t<meta name=\"twitter:data2\" content=\"3 minutes\" \/>\n<script type=\"application\/ld+json\" class=\"yoast-schema-graph\">{\"@context\":\"https:\/\/schema.org\",\"@graph\":[{\"@type\":\"Article\",\"@id\":\"https:\/\/www.zerdab.com\/?p=9901#article\",\"isPartOf\":{\"@id\":\"https:\/\/www.zerdab.com\/?p=9901\"},\"author\":{\"name\":\"admin\",\"@id\":\"https:\/\/www.zerdab.com\/#\/schema\/person\/97079b7570c1e89ec0d9e138c3672136\"},\"headline\":\"Z\u0259rdab rayonunda Q\u0259l\u0259b\u0259 G\u00fcn\u00fc qeyd olundu &#8211; fotolar\",\"datePublished\":\"2013-05-09T13:59:33+00:00\",\"mainEntityOfPage\":{\"@id\":\"https:\/\/www.zerdab.com\/?p=9901\"},\"wordCount\":603,\"commentCount\":1,\"articleSection\":[\"X\u018fB\u018fRL\u018fR\"],\"inLanguage\":\"az\",\"potentialAction\":[{\"@type\":\"CommentAction\",\"name\":\"Comment\",\"target\":[\"https:\/\/www.zerdab.com\/?p=9901#respond\"]}]},{\"@type\":\"WebPage\",\"@id\":\"https:\/\/www.zerdab.com\/?p=9901\",\"url\":\"https:\/\/www.zerdab.com\/?p=9901\",\"name\":\"Z\u0259rdab rayonunda Q\u0259l\u0259b\u0259 G\u00fcn\u00fc qeyd olundu - fotolar - Z\u0259rdab.com\",\"isPartOf\":{\"@id\":\"https:\/\/www.zerdab.com\/#website\"},\"datePublished\":\"2013-05-09T13:59:33+00:00\",\"author\":{\"@id\":\"https:\/\/www.zerdab.com\/#\/schema\/person\/97079b7570c1e89ec0d9e138c3672136\"},\"breadcrumb\":{\"@id\":\"https:\/\/www.zerdab.com\/?p=9901#breadcrumb\"},\"inLanguage\":\"az\",\"potentialAction\":[{\"@type\":\"ReadAction\",\"target\":[\"https:\/\/www.zerdab.com\/?p=9901\"]}]},{\"@type\":\"BreadcrumbList\",\"@id\":\"https:\/\/www.zerdab.com\/?p=9901#breadcrumb\",\"itemListElement\":[{\"@type\":\"ListItem\",\"position\":1,\"name\":\"Home\",\"item\":\"https:\/\/www.zerdab.com\/\"},{\"@type\":\"ListItem\",\"position\":2,\"name\":\"Z\u0259rdab rayonunda Q\u0259l\u0259b\u0259 G\u00fcn\u00fc qeyd olundu &#8211; fotolar\"}]},{\"@type\":\"WebSite\",\"@id\":\"https:\/\/www.zerdab.com\/#website\",\"url\":\"https:\/\/www.zerdab.com\/\",\"name\":\"Z\u0259rdab.com\",\"description\":\"\",\"potentialAction\":[{\"@type\":\"SearchAction\",\"target\":{\"@type\":\"EntryPoint\",\"urlTemplate\":\"https:\/\/www.zerdab.com\/?s={search_term_string}\"},\"query-input\":{\"@type\":\"PropertyValueSpecification\",\"valueRequired\":true,\"valueName\":\"search_term_string\"}}],\"inLanguage\":\"az\"},{\"@type\":\"Person\",\"@id\":\"https:\/\/www.zerdab.com\/#\/schema\/person\/97079b7570c1e89ec0d9e138c3672136\",\"name\":\"admin\",\"image\":{\"@type\":\"ImageObject\",\"inLanguage\":\"az\",\"@id\":\"https:\/\/www.zerdab.com\/#\/schema\/person\/image\/\",\"url\":\"https:\/\/secure.gravatar.com\/avatar\/d9c52a9a27c32119cb6679a077fa3e2779e5f822c451cbf01098004361d466ec?s=96&d=mm&r=g\",\"contentUrl\":\"https:\/\/secure.gravatar.com\/avatar\/d9c52a9a27c32119cb6679a077fa3e2779e5f822c451cbf01098004361d466ec?s=96&d=mm&r=g\",\"caption\":\"admin\"},\"url\":\"https:\/\/www.zerdab.com\/?author=1\"}]}<\/script>\n<!-- \/ Yoast SEO plugin. -->","yoast_head_json":{"title":"Z\u0259rdab rayonunda Q\u0259l\u0259b\u0259 G\u00fcn\u00fc qeyd olundu - fotolar - Z\u0259rdab.com","robots":{"index":"index","follow":"follow","max-snippet":"max-snippet:-1","max-image-preview":"max-image-preview:large","max-video-preview":"max-video-preview:-1"},"canonical":"https:\/\/www.zerdab.com\/?p=9901","og_locale":"az_AZ","og_type":"article","og_title":"Z\u0259rdab rayonunda Q\u0259l\u0259b\u0259 G\u00fcn\u00fc qeyd olundu - fotolar - Z\u0259rdab.com","og_description":"Fa\u015fizm \u00fcz\u0259rind\u0259 q\u0259l\u0259b\u0259nin 68-ci ild\u00f6n\u00fcm\u00fc m\u00fcnasib\u0259til\u0259 Z\u0259rdab rayonunda K\u00fcr \u00e7ay\u0131 sahilind\u0259ki Q\u0259l\u0259b\u0259 meydan\u0131nda \u00fcmumrayon m\u0259rasimi ke\u00e7irilib. Zerdab.com sayt\u0131na Z\u0259rdab Rayon \u0130HB Aparat\u0131n\u0131n informasiya t\u0259minat\u0131 v\u0259 t\u0259hlil sektorundan veril\u0259n m\u0259lumata g\u00f6r\u0259, t\u0259dbir i\u015ftirak\u00e7\u0131lar\u0131 \u0259vv\u0259lc\u0259 1941-1945-ci ill\u0259r m\u00fcharib\u0259sind\u0259 h\u0259lak olmu\u015f z\u0259rdabl\u0131lar\u0131n xatir\u0259sin\u0259 ucald\u0131lm\u0131\u015f abid\u0259 kompleksi \u00f6n\u00fcn\u0259, sonra is\u0259 Z\u0259rdab rayonundan olan Sovet \u0130ttifaq\u0131 Q\u0259hr\u0259man\u0131 M\u0259lik M\u0259h\u0259rr\u0259movun b\u00fcst\u00fc [&hellip;]","og_url":"https:\/\/www.zerdab.com\/?p=9901","og_site_name":"Z\u0259rdab.com","article_published_time":"2013-05-09T13:59:33+00:00","author":"admin","twitter_card":"summary_large_image","twitter_misc":{"Written by":"admin","Est. reading time":"3 minutes"},"schema":{"@context":"https:\/\/schema.org","@graph":[{"@type":"Article","@id":"https:\/\/www.zerdab.com\/?p=9901#article","isPartOf":{"@id":"https:\/\/www.zerdab.com\/?p=9901"},"author":{"name":"admin","@id":"https:\/\/www.zerdab.com\/#\/schema\/person\/97079b7570c1e89ec0d9e138c3672136"},"headline":"Z\u0259rdab rayonunda Q\u0259l\u0259b\u0259 G\u00fcn\u00fc qeyd olundu &#8211; fotolar","datePublished":"2013-05-09T13:59:33+00:00","mainEntityOfPage":{"@id":"https:\/\/www.zerdab.com\/?p=9901"},"wordCount":603,"commentCount":1,"articleSection":["X\u018fB\u018fRL\u018fR"],"inLanguage":"az","potentialAction":[{"@type":"CommentAction","name":"Comment","target":["https:\/\/www.zerdab.com\/?p=9901#respond"]}]},{"@type":"WebPage","@id":"https:\/\/www.zerdab.com\/?p=9901","url":"https:\/\/www.zerdab.com\/?p=9901","name":"Z\u0259rdab rayonunda Q\u0259l\u0259b\u0259 G\u00fcn\u00fc qeyd olundu - fotolar - Z\u0259rdab.com","isPartOf":{"@id":"https:\/\/www.zerdab.com\/#website"},"datePublished":"2013-05-09T13:59:33+00:00","author":{"@id":"https:\/\/www.zerdab.com\/#\/schema\/person\/97079b7570c1e89ec0d9e138c3672136"},"breadcrumb":{"@id":"https:\/\/www.zerdab.com\/?p=9901#breadcrumb"},"inLanguage":"az","potentialAction":[{"@type":"ReadAction","target":["https:\/\/www.zerdab.com\/?p=9901"]}]},{"@type":"BreadcrumbList","@id":"https:\/\/www.zerdab.com\/?p=9901#breadcrumb","itemListElement":[{"@type":"ListItem","position":1,"name":"Home","item":"https:\/\/www.zerdab.com\/"},{"@type":"ListItem","position":2,"name":"Z\u0259rdab rayonunda Q\u0259l\u0259b\u0259 G\u00fcn\u00fc qeyd olundu &#8211; fotolar"}]},{"@type":"WebSite","@id":"https:\/\/www.zerdab.com\/#website","url":"https:\/\/www.zerdab.com\/","name":"Z\u0259rdab.com","description":"","potentialAction":[{"@type":"SearchAction","target":{"@type":"EntryPoint","urlTemplate":"https:\/\/www.zerdab.com\/?s={search_term_string}"},"query-input":{"@type":"PropertyValueSpecification","valueRequired":true,"valueName":"search_term_string"}}],"inLanguage":"az"},{"@type":"Person","@id":"https:\/\/www.zerdab.com\/#\/schema\/person\/97079b7570c1e89ec0d9e138c3672136","name":"admin","image":{"@type":"ImageObject","inLanguage":"az","@id":"https:\/\/www.zerdab.com\/#\/schema\/person\/image\/","url":"https:\/\/secure.gravatar.com\/avatar\/d9c52a9a27c32119cb6679a077fa3e2779e5f822c451cbf01098004361d466ec?s=96&d=mm&r=g","contentUrl":"https:\/\/secure.gravatar.com\/avatar\/d9c52a9a27c32119cb6679a077fa3e2779e5f822c451cbf01098004361d466ec?s=96&d=mm&r=g","caption":"admin"},"url":"https:\/\/www.zerdab.com\/?author=1"}]}},"_links":{"self":[{"href":"https:\/\/www.zerdab.com\/index.php?rest_route=\/wp\/v2\/posts\/9901","targetHints":{"allow":["GET"]}}],"collection":[{"href":"https:\/\/www.zerdab.com\/index.php?rest_route=\/wp\/v2\/posts"}],"about":[{"href":"https:\/\/www.zerdab.com\/index.php?rest_route=\/wp\/v2\/types\/post"}],"author":[{"embeddable":true,"href":"https:\/\/www.zerdab.com\/index.php?rest_route=\/wp\/v2\/users\/1"}],"replies":[{"embeddable":true,"href":"https:\/\/www.zerdab.com\/index.php?rest_route=%2Fwp%2Fv2%2Fcomments&post=9901"}],"version-history":[{"count":2,"href":"https:\/\/www.zerdab.com\/index.php?rest_route=\/wp\/v2\/posts\/9901\/revisions"}],"predecessor-version":[{"id":9907,"href":"https:\/\/www.zerdab.com\/index.php?rest_route=\/wp\/v2\/posts\/9901\/revisions\/9907"}],"wp:attachment":[{"href":"https:\/\/www.zerdab.com\/index.php?rest_route=%2Fwp%2Fv2%2Fmedia&parent=9901"}],"wp:term":[{"taxonomy":"category","embeddable":true,"href":"https:\/\/www.zerdab.com\/index.php?rest_route=%2Fwp%2Fv2%2Fcategories&post=9901"},{"taxonomy":"post_tag","embeddable":true,"href":"https:\/\/www.zerdab.com\/index.php?rest_route=%2Fwp%2Fv2%2Ftags&post=9901"}],"curies":[{"name":"wp","href":"https:\/\/api.w.org\/{rel}","templated":true}]}}