{"id":9929,"date":"2013-05-10T12:29:01","date_gmt":"2013-05-10T07:29:01","guid":{"rendered":"http:\/\/www.zerdab.com\/?p=9929"},"modified":"2013-05-10T12:44:05","modified_gmt":"2013-05-10T07:44:05","slug":"ulu-ond%c9%99rin-yubileyi-gunu-z%c9%99rdabda-yeni-obyektl%c9%99r-acildi-fotolar","status":"publish","type":"post","link":"https:\/\/www.zerdab.com\/?p=9929","title":{"rendered":"Ulu \u00f6nd\u0259rin yubileyi g\u00fcn\u00fc Z\u0259rdabda yeni obyektl\u0259r a\u00e7\u0131ld\u0131 &#8211; fotolar"},"content":{"rendered":"<p><strong><img loading=\"lazy\" decoding=\"async\" class=\"aligncenter size-medium wp-image-9931\" alt=\"Zerdab rayonu\" src=\"http:\/\/www.zerdab.com\/wp-content\/uploads\/2013\/05\/Zerdab-rayonu-21-500x332.jpg\" width=\"500\" height=\"332\" \/>\u201cAz\u0259rbaycan xalq\u0131n\u0131n \u00fcmummilli lideri Heyd\u0259r \u018fliyevin 90 illik yubileyi haqq\u0131nda\u201d Az\u0259rbaycan Respublikas\u0131 Prezidentinin s\u0259r\u0259ncam\u0131n\u0131n icras\u0131 istiqam\u0259tind\u0259 Z\u0259rdab Rayon \u0130cra Hakimiyy\u0259tind\u0259 t\u0259sdiq olunmu\u015f t\u0259dbirl\u0259r plan\u0131na uy\u011fun olaraq Ulu \u00d6nd\u0259r Heyd\u0259r \u018fliyevin 90 illik yubileyi m\u00fcnasib\u0259til\u0259 rayonda ke\u00e7iril\u0259n silsil\u0259 t\u0259dbirl\u0259r \u00e7\u0259r\u00e7iv\u0259sind\u0259 10 may 2013-c\u00fc il tarixd\u0259 z\u0259rdabl\u0131lar Heyd\u0259r \u018fliyev park\u0131na g\u0259l\u0259r\u0259k Ulu \u00d6nd\u0259rin abid\u0259si \u00f6n\u00fcn\u0259 g\u00fcl-\u00e7i\u00e7\u0259k d\u0259st\u0259l\u0259ri qoyublar. M\u0259rasimd\u0259 rayon r\u0259hb\u0259rliyi, idar\u0259, m\u00fc\u0259ssis\u0259 v\u0259 t\u0259\u015fkilatlar\u0131n \u0259m\u0259k kollektivl\u0259ri, rayon ictimaiyy\u0259tinin n\u00fcmay\u0259nd\u0259l\u0259ri i\u015ftirak edibl\u0259r.<\/strong><\/p>\n<p><span style=\"color: #0000ff;\"><strong>M\u0259mm\u0259dqas\u0131ml\u0131 k\u0259ndind\u0259\u00a0d\u0259yirman\u0131n\u0131n a\u00e7\u0131l\u0131\u015f\u0131 oldu<\/strong><\/span><\/p>\n<p>Zerdab.com sayt\u0131na veril\u0259n m\u0259lumata g\u00f6r\u0259, sonra rayonun M\u0259mm\u0259dqas\u0131ml\u0131 k\u0259ndind\u0259 sahibkar A\u011falarov \u0130ntiqam A\u011falar o\u011fluna m\u0259xsus un d\u0259yirman\u0131n\u0131n a\u00e7\u0131l\u0131\u015f m\u0259rasimi ke\u00e7irilmi\u015fdir. Un d\u0259yirman\u0131 sutkada 25 ton un istehsal etm\u0259k g\u00fcc\u00fcnd\u0259dir. H\u0259m\u00e7inin d\u0259yirman\u0131n \u0259razisind\u0259 1500 tonluq tax\u0131l anbar\u0131 da istifad\u0259y\u0259 verilmi\u015fdir. A\u00e7\u0131l\u0131\u015fda i\u015ftirak ed\u0259n Z\u0259rdab Rayon \u0130cra Hakimiyy\u0259tinin ba\u015f\u00e7\u0131s\u0131 L\u00fctv\u0259li Babayev bildirmi\u015fdir ki, \u00f6lk\u0259 Prezidenti c\u0259nab \u0130lham \u018fliyevin qar\u015f\u0131ya qoydu\u011fu m\u00fch\u00fcm v\u0259zif\u0259l\u0259r, o c\u00fcml\u0259d\u0259n \u00f6z\u0259l b\u00f6lm\u0259nin, azad sahibkarl\u0131\u011f\u0131n daha s\u00fcr\u0259tli inki\u015faf\u0131 il\u0259 \u0259laq\u0259dar verdiyi tap\u015f\u0131r\u0131q v\u0259 t\u00f6vsiy\u0259l\u0259r Z\u0259rdab rayonunda da b\u00f6y\u00fck diqq\u0259t, s\u0259y v\u0259 ard\u0131c\u0131ll\u0131qla h\u0259yata ke\u00e7irilir. Azad sahibkarl\u0131\u011f\u0131n inki\u015faf\u0131na g\u00f6st\u0259ril\u0259n h\u0259ssas m\u00fcnasib\u0259t, bu sah\u0259d\u0259 yarad\u0131lm\u0131\u015f m\u00fcnbit v\u0259 \u0259lveri\u015fli \u015f\u0259rait, s\u00fcni mane\u0259l\u0259rin aradan qald\u0131r\u0131lmas\u0131 istiqam\u0259tind\u0259 i\u015fl\u0259nib haz\u0131rlanm\u0131\u015f \u0259sasl\u0131 v\u0259 ard\u0131c\u0131l t\u0259dbirl\u0259r x\u00fcsusil\u0259 diqq\u0259ti c\u0259lb edir. He\u00e7 t\u0259sad\u00fcfi deyildir ki, rayonda sahibkarl\u0131q obyektl\u0259rinin say\u0131 ild\u0259n il\u0259 art\u0131r. Burada s\u00f6zs\u00fcz ki, ilk n\u00f6vb\u0259d\u0259, \u00f6lk\u0259 ba\u015f\u00e7\u0131s\u0131n\u0131n respublikam\u0131zda azad sahibkarl\u0131\u011f\u0131n, bazar iqtisadiyyat\u0131n\u0131n s\u00fcr\u0259tli inki\u015faf\u0131na y\u00f6n\u0259ldilmi\u015f ard\u0131c\u0131l v\u0259 q\u0259tiyy\u0259tli f\u0259aliyy\u0259tini, bu sah\u0259y\u0259 g\u00f6st\u0259rdiyi g\u00fcnd\u0259lik diqq\u0259t v\u0259 qay\u011f\u0131n\u0131, imzalad\u0131\u011f\u0131 f\u0259rman v\u0259 s\u0259r\u0259ncamlar\u0131 ayr\u0131ca qeyd etm\u0259k laz\u0131md\u0131r. M\u0259rasimd\u0259 \u00e7\u0131x\u0131\u015f ed\u0259n sahibkarlar yarad\u0131lm\u0131\u015f azad, rahat v\u0259 m\u00fcnbit \u015f\u0259rait \u00fc\u00e7\u00fcn \u00f6lk\u0259 r\u0259hb\u0259rin\u0259 h\u0259dsiz minn\u0259tdarl\u0131qlar\u0131n\u0131 bildirdil\u0259r, b\u00fct\u00fcn imkan v\u0259 s\u0259yl\u0259rini iqtisadiyyat\u0131n daha da geni\u015fl\u0259ndirilm\u0259sin\u0259 y\u00f6n\u0259ld\u0259c\u0259kl\u0259rini b\u0259yan etdil\u0259r.<\/p>\n<p><span style=\"color: #0000ff;\"><strong>D\u0259li Qu\u015f\u00e7u k\u0259ndind\u0259\u00a0qaz x\u0259ttinin a\u00e7\u0131l\u0131\u015f\u0131 oldu<\/strong><\/span><\/p>\n<p>Daha sonra rayonun D\u0259li Qu\u015f\u00e7u k\u0259ndind\u0259 yeni \u00e7\u0259kilmi\u015f qaz x\u0259ttinin a\u00e7\u0131l\u0131\u015f m\u0259rasimi ke\u00e7irildi. K\u0259nd \u0259razisind\u0259 1700 paqonometr da\u015f\u0131y\u0131c\u0131 v\u0259 paylay\u0131c\u0131 x\u0259tt \u00e7\u0259kilmi\u015f, 1 pill\u0259li sistem \u0259sas\u0131nda 300 ev\u0259 say\u011fac qura\u015fd\u0131r\u0131lm\u0131\u015fd\u0131r. M\u0259rasimd\u0259 \u00e7\u0131x\u0131\u015f ed\u0259n \u0130cra Hakimiyy\u0259tinin ba\u015f\u00e7\u0131s\u0131 L\u00fctv\u0259li Babayev D\u0259li Qu\u015f\u00e7u k\u0259nd sakinl\u0259rini bu m\u00fch\u00fcm hadis\u0259 m\u00fcnasib\u0259til\u0259 t\u0259brik etdi. Bildirdi ki, \u201cAz\u0259rbaycan Respublikas\u0131 regionlar\u0131n\u0131n 2009-2013-c\u00fc ill\u0259rd\u0259 sosial-iqtisadi inki\u015faf\u0131 D\u00f6vl\u0259t Proqram\u0131\u201dn\u0131n icras\u0131 istiqam\u0259tind\u0259 art\u0131q rayonun 5-ci k\u0259ndin\u0259 t\u0259bii qaz verilir. Dig\u0259r k\u0259ndl\u0259r\u0259 qaz x\u0259ttinin \u00e7\u0259kili\u015fi davam etdirilir. \u0130cra ba\u015f\u00e7\u0131s\u0131 qeyd etmi\u015fdir ki, bu g\u00fcn Az\u0259rbaycan\u0131n h\u0259r yerind\u0259, el\u0259c\u0259 d\u0259 Z\u0259rdab rayonunda ya\u015fayan \u0259hali Heyd\u0259r \u018fliyev siyas\u0259tinin b\u0259hr\u0259l\u0259rini g\u00f6r\u00fcr. M\u0259hz qaz x\u0259ttinin a\u00e7\u0131l\u0131\u015f\u0131 da bir daha onu g\u00f6st\u0259rir ki, ulu \u00f6nd\u0259rimiz Heyd\u0259r \u018fliyevin siyasi x\u0259tti \u00a0\u0259sas\u0131n\u0131 m\u00fcst\u0259qil Az\u0259rbaycan\u0131n h\u0259rt\u0259r\u0259fli inki\u015faf\u0131 v\u0259 xalq\u0131m\u0131z\u0131n firavan ya\u015fay\u0131\u015f\u0131 t\u0259\u015fkil edir v\u0259 bu siyas\u0259t m\u00f6ht\u0259r\u0259m Prezidentimiz c\u0259nab \u0130lham \u018fliyev t\u0259r\u0259find\u0259n u\u011furla davam etdirilir. \u0130lin sonuna q\u0259d\u0259r rayonun daha 10 k\u0259ndind\u0259 qaz x\u0259ttinin a\u00e7\u0131l\u0131\u015f\u0131 n\u0259z\u0259rd\u0259 tutulmu\u015fdur.<\/p>\n<p>L\u00fctv\u0259li Babayev qaz x\u0259ttinin istifad\u0259y\u0259 verilm\u0259sini bildir\u0259n m\u0259\u015f\u0259li yand\u0131rd\u0131.<\/p>\n<p>K\u0259nd sakinl\u0259ri \u00e7\u0131x\u0131\u015f ed\u0259r\u0259k bildirdil\u0259r ki, d\u00f6vl\u0259timizin artan iqtisadi imkanlar\u0131, u\u011furla h\u0259yata ke\u00e7iril\u0259n sosial-iqtisadi inki\u015faf x\u0259ttinin b\u0259hr\u0259l\u0259rini bu g\u00fcn h\u0259r bir sakin \u00f6z h\u0259yat\u0131nda hiss edir, yeni qaz x\u0259ttinin a\u00e7\u0131l\u0131\u015f\u0131 da z\u0259rdabl\u0131lara, o c\u00fcml\u0259d\u0259n D\u0259li Qu\u015f\u00e7u k\u0259nd sakinl\u0259rin\u0259 g\u00f6st\u0259ril\u0259n qay\u011f\u0131n\u0131n daha bir n\u00fcmun\u0259si kimi b\u00f6y\u00fck minn\u0259tdarl\u0131q hissi il\u0259 qar\u015f\u0131lan\u0131r.<\/p>\n<p><span style=\"color: #0000ff;\"><strong>100-d\u0259n \u00e7ox x\u0259st\u0259 pulsuz m\u00fcayin\u0259 olundu<\/strong><\/span><\/p>\n<p>H\u0259min g\u00fcn Rayon M\u0259rk\u0259zi X\u0259st\u0259xanas\u0131nda tibb elml\u0259ri doktoru, professor \u00c7ingiz C\u0259rullazad\u0259nin r\u0259hb\u0259rliyi il\u0259 \u201cOFKO\u201d klinik g\u00f6z x\u0259st\u0259xanas\u0131n\u0131n h\u0259kim briqadas\u0131 rayonda 100-d\u0259n \u00e7ox x\u0259st\u0259ni pulsuz m\u00fcayin\u0259 v\u0259 m\u00fcalic\u0259 etmi\u015fdir.<\/p>\n<p><img loading=\"lazy\" decoding=\"async\" class=\"aligncenter size-medium wp-image-9930\" alt=\"Zerdab rayonu\" src=\"http:\/\/www.zerdab.com\/wp-content\/uploads\/2013\/05\/Zerdab-rayonu2-500x332.jpg\" width=\"500\" height=\"332\" \/><\/p>\n<p><img loading=\"lazy\" decoding=\"async\" class=\"aligncenter size-medium wp-image-9934\" alt=\"Zerdab rayonu\" src=\"http:\/\/www.zerdab.com\/wp-content\/uploads\/2013\/05\/Zerdab-rayonu-1-500x332.jpg\" width=\"500\" height=\"332\" \/><\/p>\n<p><img loading=\"lazy\" decoding=\"async\" class=\"aligncenter size-medium wp-image-9935\" alt=\"Zerdab rayonu\" src=\"http:\/\/www.zerdab.com\/wp-content\/uploads\/2013\/05\/Zerdab-rayonu-5-500x332.jpg\" width=\"500\" height=\"332\" \/><\/p>\n<p><img loading=\"lazy\" decoding=\"async\" class=\"aligncenter size-medium wp-image-9936\" alt=\"Zerdab rayonu\" src=\"http:\/\/www.zerdab.com\/wp-content\/uploads\/2013\/05\/Zerdab-rayonu-22-500x332.jpg\" width=\"500\" height=\"332\" \/><\/p>\n<p><img loading=\"lazy\" decoding=\"async\" class=\"aligncenter size-medium wp-image-9937\" alt=\"Zerdab rayonu\" src=\"http:\/\/www.zerdab.com\/wp-content\/uploads\/2013\/05\/Zerdab-rayonu-31-500x332.jpg\" width=\"500\" height=\"332\" \/><\/p>\n<p><img loading=\"lazy\" decoding=\"async\" class=\"aligncenter size-medium wp-image-9938\" alt=\"Zerdab rayonu\" src=\"http:\/\/www.zerdab.com\/wp-content\/uploads\/2013\/05\/Zerdab-rayonu-7-500x332.jpg\" width=\"500\" height=\"332\" \/><\/p>\n<p><img loading=\"lazy\" decoding=\"async\" class=\"aligncenter size-medium wp-image-9939\" alt=\"Zerdab rayonu\" src=\"http:\/\/www.zerdab.com\/wp-content\/uploads\/2013\/05\/Zerdab-rayonu-6-500x332.jpg\" width=\"500\" height=\"332\" \/><\/p>\n<p><img loading=\"lazy\" decoding=\"async\" class=\"aligncenter size-medium wp-image-9940\" alt=\"Zerdab rayonu\" src=\"http:\/\/www.zerdab.com\/wp-content\/uploads\/2013\/05\/Zerdab-rayonu-11-500x332.jpg\" width=\"500\" height=\"332\" \/><\/p>\n<p><img loading=\"lazy\" decoding=\"async\" class=\"aligncenter size-medium wp-image-9941\" alt=\"Zerdab rayonu\" src=\"http:\/\/www.zerdab.com\/wp-content\/uploads\/2013\/05\/Zerdab-rayonu-10-500x332.jpg\" width=\"500\" height=\"332\" \/><img loading=\"lazy\" decoding=\"async\" class=\"aligncenter size-medium wp-image-9942\" alt=\"Zerdab rayonu\" src=\"http:\/\/www.zerdab.com\/wp-content\/uploads\/2013\/05\/Zerdab-rayonu-8-500x332.jpg\" width=\"500\" height=\"332\" \/><\/p>\n<p><img loading=\"lazy\" decoding=\"async\" class=\"aligncenter size-medium wp-image-9943\" alt=\"K\u0259ndl\u0259r\u0259 qaz verilir\" src=\"http:\/\/www.zerdab.com\/wp-content\/uploads\/2013\/05\/Zerdab-rayonu-51-500x332.jpg\" width=\"500\" height=\"332\" \/><\/p>\n","protected":false},"excerpt":{"rendered":"<p>\u201cAz\u0259rbaycan xalq\u0131n\u0131n \u00fcmummilli lideri Heyd\u0259r \u018fliyevin 90 illik yubileyi haqq\u0131nda\u201d Az\u0259rbaycan Respublikas\u0131 Prezidentinin s\u0259r\u0259ncam\u0131n\u0131n icras\u0131 istiqam\u0259tind\u0259 Z\u0259rdab Rayon \u0130cra Hakimiyy\u0259tind\u0259 t\u0259sdiq olunmu\u015f t\u0259dbirl\u0259r plan\u0131na uy\u011fun olaraq Ulu \u00d6nd\u0259r Heyd\u0259r \u018fliyevin 90 illik yubileyi m\u00fcnasib\u0259til\u0259 rayonda ke\u00e7iril\u0259n silsil\u0259 t\u0259dbirl\u0259r \u00e7\u0259r\u00e7iv\u0259sind\u0259 10 may 2013-c\u00fc il tarixd\u0259 z\u0259rdabl\u0131lar Heyd\u0259r \u018fliyev park\u0131na g\u0259l\u0259r\u0259k Ulu \u00d6nd\u0259rin abid\u0259si \u00f6n\u00fcn\u0259 g\u00fcl-\u00e7i\u00e7\u0259k d\u0259st\u0259l\u0259ri [&hellip;]<\/p>\n","protected":false},"author":1,"featured_media":0,"comment_status":"open","ping_status":"open","sticky":false,"template":"","format":"standard","meta":{"footnotes":""},"categories":[5],"tags":[],"class_list":{"0":"post-9929","1":"post","2":"type-post","3":"status-publish","4":"format-standard","6":"category-knd"},"yoast_head":"<!-- This site is optimized with the Yoast SEO plugin v27.0 - https:\/\/yoast.com\/product\/yoast-seo-wordpress\/ -->\n<title>Ulu \u00f6nd\u0259rin yubileyi g\u00fcn\u00fc Z\u0259rdabda yeni obyektl\u0259r a\u00e7\u0131ld\u0131 - fotolar - Z\u0259rdab.com<\/title>\n<meta name=\"robots\" content=\"index, follow, max-snippet:-1, max-image-preview:large, max-video-preview:-1\" \/>\n<link rel=\"canonical\" href=\"https:\/\/www.zerdab.com\/?p=9929\" \/>\n<meta property=\"og:locale\" content=\"az_AZ\" \/>\n<meta property=\"og:type\" content=\"article\" \/>\n<meta property=\"og:title\" content=\"Ulu \u00f6nd\u0259rin yubileyi g\u00fcn\u00fc Z\u0259rdabda yeni obyektl\u0259r a\u00e7\u0131ld\u0131 - fotolar - Z\u0259rdab.com\" \/>\n<meta property=\"og:description\" content=\"\u201cAz\u0259rbaycan xalq\u0131n\u0131n \u00fcmummilli lideri Heyd\u0259r \u018fliyevin 90 illik yubileyi haqq\u0131nda\u201d Az\u0259rbaycan Respublikas\u0131 Prezidentinin s\u0259r\u0259ncam\u0131n\u0131n icras\u0131 istiqam\u0259tind\u0259 Z\u0259rdab Rayon \u0130cra Hakimiyy\u0259tind\u0259 t\u0259sdiq olunmu\u015f t\u0259dbirl\u0259r plan\u0131na uy\u011fun olaraq Ulu \u00d6nd\u0259r Heyd\u0259r \u018fliyevin 90 illik yubileyi m\u00fcnasib\u0259til\u0259 rayonda ke\u00e7iril\u0259n silsil\u0259 t\u0259dbirl\u0259r \u00e7\u0259r\u00e7iv\u0259sind\u0259 10 may 2013-c\u00fc il tarixd\u0259 z\u0259rdabl\u0131lar Heyd\u0259r \u018fliyev park\u0131na g\u0259l\u0259r\u0259k Ulu \u00d6nd\u0259rin abid\u0259si \u00f6n\u00fcn\u0259 g\u00fcl-\u00e7i\u00e7\u0259k d\u0259st\u0259l\u0259ri [&hellip;]\" \/>\n<meta property=\"og:url\" content=\"https:\/\/www.zerdab.com\/?p=9929\" \/>\n<meta property=\"og:site_name\" content=\"Z\u0259rdab.com\" \/>\n<meta property=\"article:published_time\" content=\"2013-05-10T07:29:01+00:00\" \/>\n<meta property=\"article:modified_time\" content=\"2013-05-10T07:44:05+00:00\" \/>\n<meta property=\"og:image\" content=\"http:\/\/www.zerdab.com\/wp-content\/uploads\/2013\/05\/Zerdab-rayonu-21-500x332.jpg\" \/>\n<meta name=\"author\" content=\"admin\" \/>\n<meta name=\"twitter:card\" content=\"summary_large_image\" \/>\n<meta name=\"twitter:label1\" content=\"Written by\" \/>\n\t<meta name=\"twitter:data1\" content=\"admin\" \/>\n\t<meta name=\"twitter:label2\" content=\"Est. reading time\" \/>\n\t<meta name=\"twitter:data2\" content=\"5 minutes\" \/>\n<script type=\"application\/ld+json\" class=\"yoast-schema-graph\">{\"@context\":\"https:\/\/schema.org\",\"@graph\":[{\"@type\":\"Article\",\"@id\":\"https:\/\/www.zerdab.com\/?p=9929#article\",\"isPartOf\":{\"@id\":\"https:\/\/www.zerdab.com\/?p=9929\"},\"author\":{\"name\":\"admin\",\"@id\":\"https:\/\/www.zerdab.com\/#\/schema\/person\/97079b7570c1e89ec0d9e138c3672136\"},\"headline\":\"Ulu \u00f6nd\u0259rin yubileyi g\u00fcn\u00fc Z\u0259rdabda yeni obyektl\u0259r a\u00e7\u0131ld\u0131 &#8211; fotolar\",\"datePublished\":\"2013-05-10T07:29:01+00:00\",\"dateModified\":\"2013-05-10T07:44:05+00:00\",\"mainEntityOfPage\":{\"@id\":\"https:\/\/www.zerdab.com\/?p=9929\"},\"wordCount\":946,\"commentCount\":4,\"image\":{\"@id\":\"https:\/\/www.zerdab.com\/?p=9929#primaryimage\"},\"thumbnailUrl\":\"http:\/\/www.zerdab.com\/wp-content\/uploads\/2013\/05\/Zerdab-rayonu-21-500x332.jpg\",\"articleSection\":[\"X\u018fB\u018fRL\u018fR\"],\"inLanguage\":\"az\",\"potentialAction\":[{\"@type\":\"CommentAction\",\"name\":\"Comment\",\"target\":[\"https:\/\/www.zerdab.com\/?p=9929#respond\"]}]},{\"@type\":\"WebPage\",\"@id\":\"https:\/\/www.zerdab.com\/?p=9929\",\"url\":\"https:\/\/www.zerdab.com\/?p=9929\",\"name\":\"Ulu \u00f6nd\u0259rin yubileyi g\u00fcn\u00fc Z\u0259rdabda yeni obyektl\u0259r a\u00e7\u0131ld\u0131 - fotolar - Z\u0259rdab.com\",\"isPartOf\":{\"@id\":\"https:\/\/www.zerdab.com\/#website\"},\"primaryImageOfPage\":{\"@id\":\"https:\/\/www.zerdab.com\/?p=9929#primaryimage\"},\"image\":{\"@id\":\"https:\/\/www.zerdab.com\/?p=9929#primaryimage\"},\"thumbnailUrl\":\"http:\/\/www.zerdab.com\/wp-content\/uploads\/2013\/05\/Zerdab-rayonu-21-500x332.jpg\",\"datePublished\":\"2013-05-10T07:29:01+00:00\",\"dateModified\":\"2013-05-10T07:44:05+00:00\",\"author\":{\"@id\":\"https:\/\/www.zerdab.com\/#\/schema\/person\/97079b7570c1e89ec0d9e138c3672136\"},\"breadcrumb\":{\"@id\":\"https:\/\/www.zerdab.com\/?p=9929#breadcrumb\"},\"inLanguage\":\"az\",\"potentialAction\":[{\"@type\":\"ReadAction\",\"target\":[\"https:\/\/www.zerdab.com\/?p=9929\"]}]},{\"@type\":\"ImageObject\",\"inLanguage\":\"az\",\"@id\":\"https:\/\/www.zerdab.com\/?p=9929#primaryimage\",\"url\":\"\",\"contentUrl\":\"\"},{\"@type\":\"BreadcrumbList\",\"@id\":\"https:\/\/www.zerdab.com\/?p=9929#breadcrumb\",\"itemListElement\":[{\"@type\":\"ListItem\",\"position\":1,\"name\":\"Home\",\"item\":\"https:\/\/www.zerdab.com\/\"},{\"@type\":\"ListItem\",\"position\":2,\"name\":\"Ulu \u00f6nd\u0259rin yubileyi g\u00fcn\u00fc Z\u0259rdabda yeni obyektl\u0259r a\u00e7\u0131ld\u0131 &#8211; fotolar\"}]},{\"@type\":\"WebSite\",\"@id\":\"https:\/\/www.zerdab.com\/#website\",\"url\":\"https:\/\/www.zerdab.com\/\",\"name\":\"Z\u0259rdab.com\",\"description\":\"\",\"potentialAction\":[{\"@type\":\"SearchAction\",\"target\":{\"@type\":\"EntryPoint\",\"urlTemplate\":\"https:\/\/www.zerdab.com\/?s={search_term_string}\"},\"query-input\":{\"@type\":\"PropertyValueSpecification\",\"valueRequired\":true,\"valueName\":\"search_term_string\"}}],\"inLanguage\":\"az\"},{\"@type\":\"Person\",\"@id\":\"https:\/\/www.zerdab.com\/#\/schema\/person\/97079b7570c1e89ec0d9e138c3672136\",\"name\":\"admin\",\"image\":{\"@type\":\"ImageObject\",\"inLanguage\":\"az\",\"@id\":\"https:\/\/www.zerdab.com\/#\/schema\/person\/image\/\",\"url\":\"https:\/\/secure.gravatar.com\/avatar\/d9c52a9a27c32119cb6679a077fa3e2779e5f822c451cbf01098004361d466ec?s=96&d=mm&r=g\",\"contentUrl\":\"https:\/\/secure.gravatar.com\/avatar\/d9c52a9a27c32119cb6679a077fa3e2779e5f822c451cbf01098004361d466ec?s=96&d=mm&r=g\",\"caption\":\"admin\"},\"url\":\"https:\/\/www.zerdab.com\/?author=1\"}]}<\/script>\n<!-- \/ Yoast SEO plugin. -->","yoast_head_json":{"title":"Ulu \u00f6nd\u0259rin yubileyi g\u00fcn\u00fc Z\u0259rdabda yeni obyektl\u0259r a\u00e7\u0131ld\u0131 - fotolar - Z\u0259rdab.com","robots":{"index":"index","follow":"follow","max-snippet":"max-snippet:-1","max-image-preview":"max-image-preview:large","max-video-preview":"max-video-preview:-1"},"canonical":"https:\/\/www.zerdab.com\/?p=9929","og_locale":"az_AZ","og_type":"article","og_title":"Ulu \u00f6nd\u0259rin yubileyi g\u00fcn\u00fc Z\u0259rdabda yeni obyektl\u0259r a\u00e7\u0131ld\u0131 - fotolar - Z\u0259rdab.com","og_description":"\u201cAz\u0259rbaycan xalq\u0131n\u0131n \u00fcmummilli lideri Heyd\u0259r \u018fliyevin 90 illik yubileyi haqq\u0131nda\u201d Az\u0259rbaycan Respublikas\u0131 Prezidentinin s\u0259r\u0259ncam\u0131n\u0131n icras\u0131 istiqam\u0259tind\u0259 Z\u0259rdab Rayon \u0130cra Hakimiyy\u0259tind\u0259 t\u0259sdiq olunmu\u015f t\u0259dbirl\u0259r plan\u0131na uy\u011fun olaraq Ulu \u00d6nd\u0259r Heyd\u0259r \u018fliyevin 90 illik yubileyi m\u00fcnasib\u0259til\u0259 rayonda ke\u00e7iril\u0259n silsil\u0259 t\u0259dbirl\u0259r \u00e7\u0259r\u00e7iv\u0259sind\u0259 10 may 2013-c\u00fc il tarixd\u0259 z\u0259rdabl\u0131lar Heyd\u0259r \u018fliyev park\u0131na g\u0259l\u0259r\u0259k Ulu \u00d6nd\u0259rin abid\u0259si \u00f6n\u00fcn\u0259 g\u00fcl-\u00e7i\u00e7\u0259k d\u0259st\u0259l\u0259ri [&hellip;]","og_url":"https:\/\/www.zerdab.com\/?p=9929","og_site_name":"Z\u0259rdab.com","article_published_time":"2013-05-10T07:29:01+00:00","article_modified_time":"2013-05-10T07:44:05+00:00","og_image":[{"url":"http:\/\/www.zerdab.com\/wp-content\/uploads\/2013\/05\/Zerdab-rayonu-21-500x332.jpg","type":"","width":"","height":""}],"author":"admin","twitter_card":"summary_large_image","twitter_misc":{"Written by":"admin","Est. reading time":"5 minutes"},"schema":{"@context":"https:\/\/schema.org","@graph":[{"@type":"Article","@id":"https:\/\/www.zerdab.com\/?p=9929#article","isPartOf":{"@id":"https:\/\/www.zerdab.com\/?p=9929"},"author":{"name":"admin","@id":"https:\/\/www.zerdab.com\/#\/schema\/person\/97079b7570c1e89ec0d9e138c3672136"},"headline":"Ulu \u00f6nd\u0259rin yubileyi g\u00fcn\u00fc Z\u0259rdabda yeni obyektl\u0259r a\u00e7\u0131ld\u0131 &#8211; fotolar","datePublished":"2013-05-10T07:29:01+00:00","dateModified":"2013-05-10T07:44:05+00:00","mainEntityOfPage":{"@id":"https:\/\/www.zerdab.com\/?p=9929"},"wordCount":946,"commentCount":4,"image":{"@id":"https:\/\/www.zerdab.com\/?p=9929#primaryimage"},"thumbnailUrl":"http:\/\/www.zerdab.com\/wp-content\/uploads\/2013\/05\/Zerdab-rayonu-21-500x332.jpg","articleSection":["X\u018fB\u018fRL\u018fR"],"inLanguage":"az","potentialAction":[{"@type":"CommentAction","name":"Comment","target":["https:\/\/www.zerdab.com\/?p=9929#respond"]}]},{"@type":"WebPage","@id":"https:\/\/www.zerdab.com\/?p=9929","url":"https:\/\/www.zerdab.com\/?p=9929","name":"Ulu \u00f6nd\u0259rin yubileyi g\u00fcn\u00fc Z\u0259rdabda yeni obyektl\u0259r a\u00e7\u0131ld\u0131 - fotolar - Z\u0259rdab.com","isPartOf":{"@id":"https:\/\/www.zerdab.com\/#website"},"primaryImageOfPage":{"@id":"https:\/\/www.zerdab.com\/?p=9929#primaryimage"},"image":{"@id":"https:\/\/www.zerdab.com\/?p=9929#primaryimage"},"thumbnailUrl":"http:\/\/www.zerdab.com\/wp-content\/uploads\/2013\/05\/Zerdab-rayonu-21-500x332.jpg","datePublished":"2013-05-10T07:29:01+00:00","dateModified":"2013-05-10T07:44:05+00:00","author":{"@id":"https:\/\/www.zerdab.com\/#\/schema\/person\/97079b7570c1e89ec0d9e138c3672136"},"breadcrumb":{"@id":"https:\/\/www.zerdab.com\/?p=9929#breadcrumb"},"inLanguage":"az","potentialAction":[{"@type":"ReadAction","target":["https:\/\/www.zerdab.com\/?p=9929"]}]},{"@type":"ImageObject","inLanguage":"az","@id":"https:\/\/www.zerdab.com\/?p=9929#primaryimage","url":"","contentUrl":""},{"@type":"BreadcrumbList","@id":"https:\/\/www.zerdab.com\/?p=9929#breadcrumb","itemListElement":[{"@type":"ListItem","position":1,"name":"Home","item":"https:\/\/www.zerdab.com\/"},{"@type":"ListItem","position":2,"name":"Ulu \u00f6nd\u0259rin yubileyi g\u00fcn\u00fc Z\u0259rdabda yeni obyektl\u0259r a\u00e7\u0131ld\u0131 &#8211; fotolar"}]},{"@type":"WebSite","@id":"https:\/\/www.zerdab.com\/#website","url":"https:\/\/www.zerdab.com\/","name":"Z\u0259rdab.com","description":"","potentialAction":[{"@type":"SearchAction","target":{"@type":"EntryPoint","urlTemplate":"https:\/\/www.zerdab.com\/?s={search_term_string}"},"query-input":{"@type":"PropertyValueSpecification","valueRequired":true,"valueName":"search_term_string"}}],"inLanguage":"az"},{"@type":"Person","@id":"https:\/\/www.zerdab.com\/#\/schema\/person\/97079b7570c1e89ec0d9e138c3672136","name":"admin","image":{"@type":"ImageObject","inLanguage":"az","@id":"https:\/\/www.zerdab.com\/#\/schema\/person\/image\/","url":"https:\/\/secure.gravatar.com\/avatar\/d9c52a9a27c32119cb6679a077fa3e2779e5f822c451cbf01098004361d466ec?s=96&d=mm&r=g","contentUrl":"https:\/\/secure.gravatar.com\/avatar\/d9c52a9a27c32119cb6679a077fa3e2779e5f822c451cbf01098004361d466ec?s=96&d=mm&r=g","caption":"admin"},"url":"https:\/\/www.zerdab.com\/?author=1"}]}},"_links":{"self":[{"href":"https:\/\/www.zerdab.com\/index.php?rest_route=\/wp\/v2\/posts\/9929","targetHints":{"allow":["GET"]}}],"collection":[{"href":"https:\/\/www.zerdab.com\/index.php?rest_route=\/wp\/v2\/posts"}],"about":[{"href":"https:\/\/www.zerdab.com\/index.php?rest_route=\/wp\/v2\/types\/post"}],"author":[{"embeddable":true,"href":"https:\/\/www.zerdab.com\/index.php?rest_route=\/wp\/v2\/users\/1"}],"replies":[{"embeddable":true,"href":"https:\/\/www.zerdab.com\/index.php?rest_route=%2Fwp%2Fv2%2Fcomments&post=9929"}],"version-history":[{"count":6,"href":"https:\/\/www.zerdab.com\/index.php?rest_route=\/wp\/v2\/posts\/9929\/revisions"}],"predecessor-version":[{"id":9947,"href":"https:\/\/www.zerdab.com\/index.php?rest_route=\/wp\/v2\/posts\/9929\/revisions\/9947"}],"wp:attachment":[{"href":"https:\/\/www.zerdab.com\/index.php?rest_route=%2Fwp%2Fv2%2Fmedia&parent=9929"}],"wp:term":[{"taxonomy":"category","embeddable":true,"href":"https:\/\/www.zerdab.com\/index.php?rest_route=%2Fwp%2Fv2%2Fcategories&post=9929"},{"taxonomy":"post_tag","embeddable":true,"href":"https:\/\/www.zerdab.com\/index.php?rest_route=%2Fwp%2Fv2%2Ftags&post=9929"}],"curies":[{"name":"wp","href":"https:\/\/api.w.org\/{rel}","templated":true}]}}