{"id":9988,"date":"2013-05-13T11:21:31","date_gmt":"2013-05-13T06:21:31","guid":{"rendered":"http:\/\/www.zerdab.com\/?p=9988"},"modified":"2013-05-13T11:24:43","modified_gmt":"2013-05-13T06:24:43","slug":"qarav%c9%99lli-k%c9%99nd-komandasi-z%c9%99rdabda-futbol-uzr%c9%99-cempion-oldu-fotolar","status":"publish","type":"post","link":"https:\/\/www.zerdab.com\/?p=9988","title":{"rendered":"Qarav\u0259lli k\u0259nd komandas\u0131 Z\u0259rdabda futbol \u00fczr\u0259 \u00e7empion oldu &#8211; fotolar"},"content":{"rendered":"<p><span style=\"color: #0000ff;\"><strong><img loading=\"lazy\" decoding=\"async\" class=\"aligncenter size-medium wp-image-9989\" alt=\"Futbol idman n\u00f6v\u00fc \u00fczr\u0259 rayon \u00e7empionat\u0131\" src=\"http:\/\/www.zerdab.com\/wp-content\/uploads\/2013\/05\/Futbol-idman-n\u00f6v\u00fc-\u00fczr\u0259-rayon-\u00e7empionat\u0131-600x450.jpg\" width=\"600\" height=\"450\" \/><br \/>\nZerdab.com sayt\u0131nda x\u0259b\u0259r verildiyi kimi, 10 aprel &#8211; 10 may 2013-c\u00fc il tarixl\u0259rd\u0259 Z\u0259rdab rayon M\u0259rk\u0259zi Stadionunda futbol idman n\u00f6v\u00fc \u00fczr\u0259 rayon \u00e7empionat\u0131 ke\u00e7irilirdi.<\/strong><\/span><\/p>\n<p>Yar\u0131\u015f\u0131n m\u0259qs\u0259di \u00fcmummilli lider Heyd\u0259r \u018fliyevin anadan olmas\u0131n\u0131n 90-c\u0131 ild\u00f6n\u00fcm\u00fcn\u00fcn qeyd edilm\u0259si, rayonumuzda idman\u0131n futbol n\u00f6v\u00fcn\u00fcn k\u00fctl\u0259viliyinin inki\u015faf\u0131, g\u0259ncl\u0259rin idmana c\u0259lb edilm\u0259si, onlar\u0131n asud\u0259 vaxtlar\u0131n\u0131n t\u0259\u015fkili, respubilka turnirind\u0259 i\u015ftirak etm\u0259k \u00fcc\u00fcn rayon komandas\u0131na namiz\u0259dl\u0259rin se\u00e7ilm\u0259si, futbol\u00e7ular\u0131n idman d\u0259r\u0259c\u0259l\u0259rinin art\u0131r\u0131lmas\u0131 v\u0259 t\u0259kmill\u0259\u015fdirilm\u0259sini t\u0259\u015fkil etm\u0259k idi. \u00dcmumilikd\u0259 15 komandada 400-\u0259 q\u0259d\u0259r idman\u00e7\u0131n\u0131n i\u015ftirak etdiyi, 3000-\u0259 yax\u0131n tama\u015fa\u00e7\u0131n\u0131n izl\u0259diyi \u00e7empionatda I yer\u0259 Qarav\u0259lli k\u0259nd komandas\u0131, II yer\u0259 is\u0259 H\u00fcseyinxanl\u0131 k\u0259nd komandas\u0131 layiq g\u00f6r\u00fcld\u00fcl\u0259r. Qalib komandalar Z\u0259rdab Rayon G\u0259ncl\u0259r v\u0259 \u0130dman Idar\u0259sinin kuboku, diplom v\u0259 qiym\u0259tli h\u0259diyy\u0259l\u0259rl\u0259 m\u00fckafatland\u0131r\u0131ld\u0131lar.<\/p>\n<p><strong>Zerdab.com<\/strong><\/p>\n<p><img loading=\"lazy\" decoding=\"async\" class=\"aligncenter size-medium wp-image-9990\" alt=\"Z\u0259rdab rayon M\u0259rk\u0259zi Stadionu\" src=\"http:\/\/www.zerdab.com\/wp-content\/uploads\/2013\/05\/Z\u0259rdab-rayon-M\u0259rk\u0259zi-Stadionu-1-600x450.jpg\" width=\"600\" height=\"450\" \/><\/p>\n<p><img loading=\"lazy\" decoding=\"async\" class=\"aligncenter size-medium wp-image-9991\" alt=\"Z\u0259rdab Rayon G\u0259ncl\u0259r v\u0259 \u0130dman Idar\u0259si\" src=\"http:\/\/www.zerdab.com\/wp-content\/uploads\/2013\/05\/Z\u0259rdab-Rayon-G\u0259ncl\u0259r-v\u0259-\u0130dman-Idar\u0259si-600x450.jpg\" width=\"600\" height=\"450\" \/><img loading=\"lazy\" decoding=\"async\" class=\"aligncenter size-medium wp-image-9992\" alt=\"Z\u0259rdab Rayon G\u0259ncl\u0259r v\u0259 \u0130dman Idar\u0259si\" src=\"http:\/\/www.zerdab.com\/wp-content\/uploads\/2013\/05\/Z\u0259rdab-Rayon-G\u0259ncl\u0259r-v\u0259-\u0130dman-Idar\u0259si-2-600x450.jpg\" width=\"600\" height=\"450\" \/><img loading=\"lazy\" decoding=\"async\" class=\"aligncenter size-medium wp-image-9993\" alt=\"Z\u0259rdab rayon M\u0259rk\u0259zi Stadionu\" src=\"http:\/\/www.zerdab.com\/wp-content\/uploads\/2013\/05\/Z\u0259rdab-rayon-M\u0259rk\u0259zi-Stadionu-600x450.jpg\" width=\"600\" height=\"450\" \/><img loading=\"lazy\" decoding=\"async\" class=\"aligncenter size-medium wp-image-9994\" alt=\"Z\u0259rdab rayon M\u0259rk\u0259zi Stadionu-4\" src=\"http:\/\/www.zerdab.com\/wp-content\/uploads\/2013\/05\/Z\u0259rdab-rayon-M\u0259rk\u0259zi-Stadionu-4-600x450.jpg\" width=\"600\" height=\"450\" \/><img loading=\"lazy\" decoding=\"async\" class=\"aligncenter size-medium wp-image-9995\" alt=\"Z\u0259rdab rayon M\u0259rk\u0259zi Stadionu\" src=\"http:\/\/www.zerdab.com\/wp-content\/uploads\/2013\/05\/Z\u0259rdab-rayon-M\u0259rk\u0259zi-Stadionu-3-600x450.jpg\" width=\"600\" height=\"450\" \/><\/p>\n","protected":false},"excerpt":{"rendered":"<p>Zerdab.com sayt\u0131nda x\u0259b\u0259r verildiyi kimi, 10 aprel &#8211; 10 may 2013-c\u00fc il tarixl\u0259rd\u0259 Z\u0259rdab rayon M\u0259rk\u0259zi Stadionunda futbol idman n\u00f6v\u00fc \u00fczr\u0259 rayon \u00e7empionat\u0131 ke\u00e7irilirdi. Yar\u0131\u015f\u0131n m\u0259qs\u0259di \u00fcmummilli lider Heyd\u0259r \u018fliyevin anadan olmas\u0131n\u0131n 90-c\u0131 ild\u00f6n\u00fcm\u00fcn\u00fcn qeyd edilm\u0259si, rayonumuzda idman\u0131n futbol n\u00f6v\u00fcn\u00fcn k\u00fctl\u0259viliyinin inki\u015faf\u0131, g\u0259ncl\u0259rin idmana c\u0259lb edilm\u0259si, onlar\u0131n asud\u0259 vaxtlar\u0131n\u0131n t\u0259\u015fkili, respubilka turnirind\u0259 i\u015ftirak etm\u0259k \u00fcc\u00fcn [&hellip;]<\/p>\n","protected":false},"author":1,"featured_media":0,"comment_status":"open","ping_status":"open","sticky":false,"template":"","format":"standard","meta":{"footnotes":""},"categories":[5],"tags":[],"class_list":{"0":"post-9988","1":"post","2":"type-post","3":"status-publish","4":"format-standard","6":"category-knd"},"yoast_head":"<!-- This site is optimized with the Yoast SEO plugin v27.0 - https:\/\/yoast.com\/product\/yoast-seo-wordpress\/ -->\n<title>Qarav\u0259lli k\u0259nd komandas\u0131 Z\u0259rdabda futbol \u00fczr\u0259 \u00e7empion oldu - fotolar   - Z\u0259rdab.com<\/title>\n<meta name=\"robots\" content=\"index, follow, max-snippet:-1, max-image-preview:large, max-video-preview:-1\" \/>\n<link rel=\"canonical\" href=\"https:\/\/www.zerdab.com\/?p=9988\" \/>\n<meta property=\"og:locale\" content=\"az_AZ\" \/>\n<meta property=\"og:type\" content=\"article\" \/>\n<meta property=\"og:title\" content=\"Qarav\u0259lli k\u0259nd komandas\u0131 Z\u0259rdabda futbol \u00fczr\u0259 \u00e7empion oldu - fotolar   - Z\u0259rdab.com\" \/>\n<meta property=\"og:description\" content=\"Zerdab.com sayt\u0131nda x\u0259b\u0259r verildiyi kimi, 10 aprel &#8211; 10 may 2013-c\u00fc il tarixl\u0259rd\u0259 Z\u0259rdab rayon M\u0259rk\u0259zi Stadionunda futbol idman n\u00f6v\u00fc \u00fczr\u0259 rayon \u00e7empionat\u0131 ke\u00e7irilirdi. Yar\u0131\u015f\u0131n m\u0259qs\u0259di \u00fcmummilli lider Heyd\u0259r \u018fliyevin anadan olmas\u0131n\u0131n 90-c\u0131 ild\u00f6n\u00fcm\u00fcn\u00fcn qeyd edilm\u0259si, rayonumuzda idman\u0131n futbol n\u00f6v\u00fcn\u00fcn k\u00fctl\u0259viliyinin inki\u015faf\u0131, g\u0259ncl\u0259rin idmana c\u0259lb edilm\u0259si, onlar\u0131n asud\u0259 vaxtlar\u0131n\u0131n t\u0259\u015fkili, respubilka turnirind\u0259 i\u015ftirak etm\u0259k \u00fcc\u00fcn [&hellip;]\" \/>\n<meta property=\"og:url\" content=\"https:\/\/www.zerdab.com\/?p=9988\" \/>\n<meta property=\"og:site_name\" content=\"Z\u0259rdab.com\" \/>\n<meta property=\"article:published_time\" content=\"2013-05-13T06:21:31+00:00\" \/>\n<meta property=\"article:modified_time\" content=\"2013-05-13T06:24:43+00:00\" \/>\n<meta name=\"author\" content=\"admin\" \/>\n<meta name=\"twitter:card\" content=\"summary_large_image\" \/>\n<meta name=\"twitter:label1\" content=\"Written by\" \/>\n\t<meta name=\"twitter:data1\" content=\"admin\" \/>\n\t<meta name=\"twitter:label2\" content=\"Est. reading time\" \/>\n\t<meta name=\"twitter:data2\" content=\"1 minute\" \/>\n<script type=\"application\/ld+json\" class=\"yoast-schema-graph\">{\"@context\":\"https:\/\/schema.org\",\"@graph\":[{\"@type\":\"Article\",\"@id\":\"https:\/\/www.zerdab.com\/?p=9988#article\",\"isPartOf\":{\"@id\":\"https:\/\/www.zerdab.com\/?p=9988\"},\"author\":{\"name\":\"admin\",\"@id\":\"https:\/\/www.zerdab.com\/#\/schema\/person\/97079b7570c1e89ec0d9e138c3672136\"},\"headline\":\"Qarav\u0259lli k\u0259nd komandas\u0131 Z\u0259rdabda futbol \u00fczr\u0259 \u00e7empion oldu &#8211; fotolar\",\"datePublished\":\"2013-05-13T06:21:31+00:00\",\"dateModified\":\"2013-05-13T06:24:43+00:00\",\"mainEntityOfPage\":{\"@id\":\"https:\/\/www.zerdab.com\/?p=9988\"},\"wordCount\":207,\"commentCount\":23,\"articleSection\":[\"X\u018fB\u018fRL\u018fR\"],\"inLanguage\":\"az\",\"potentialAction\":[{\"@type\":\"CommentAction\",\"name\":\"Comment\",\"target\":[\"https:\/\/www.zerdab.com\/?p=9988#respond\"]}]},{\"@type\":\"WebPage\",\"@id\":\"https:\/\/www.zerdab.com\/?p=9988\",\"url\":\"https:\/\/www.zerdab.com\/?p=9988\",\"name\":\"Qarav\u0259lli k\u0259nd komandas\u0131 Z\u0259rdabda futbol \u00fczr\u0259 \u00e7empion oldu - fotolar - Z\u0259rdab.com\",\"isPartOf\":{\"@id\":\"https:\/\/www.zerdab.com\/#website\"},\"datePublished\":\"2013-05-13T06:21:31+00:00\",\"dateModified\":\"2013-05-13T06:24:43+00:00\",\"author\":{\"@id\":\"https:\/\/www.zerdab.com\/#\/schema\/person\/97079b7570c1e89ec0d9e138c3672136\"},\"breadcrumb\":{\"@id\":\"https:\/\/www.zerdab.com\/?p=9988#breadcrumb\"},\"inLanguage\":\"az\",\"potentialAction\":[{\"@type\":\"ReadAction\",\"target\":[\"https:\/\/www.zerdab.com\/?p=9988\"]}]},{\"@type\":\"BreadcrumbList\",\"@id\":\"https:\/\/www.zerdab.com\/?p=9988#breadcrumb\",\"itemListElement\":[{\"@type\":\"ListItem\",\"position\":1,\"name\":\"Home\",\"item\":\"https:\/\/www.zerdab.com\/\"},{\"@type\":\"ListItem\",\"position\":2,\"name\":\"Qarav\u0259lli k\u0259nd komandas\u0131 Z\u0259rdabda futbol \u00fczr\u0259 \u00e7empion oldu &#8211; fotolar\"}]},{\"@type\":\"WebSite\",\"@id\":\"https:\/\/www.zerdab.com\/#website\",\"url\":\"https:\/\/www.zerdab.com\/\",\"name\":\"Z\u0259rdab.com\",\"description\":\"\",\"potentialAction\":[{\"@type\":\"SearchAction\",\"target\":{\"@type\":\"EntryPoint\",\"urlTemplate\":\"https:\/\/www.zerdab.com\/?s={search_term_string}\"},\"query-input\":{\"@type\":\"PropertyValueSpecification\",\"valueRequired\":true,\"valueName\":\"search_term_string\"}}],\"inLanguage\":\"az\"},{\"@type\":\"Person\",\"@id\":\"https:\/\/www.zerdab.com\/#\/schema\/person\/97079b7570c1e89ec0d9e138c3672136\",\"name\":\"admin\",\"image\":{\"@type\":\"ImageObject\",\"inLanguage\":\"az\",\"@id\":\"https:\/\/www.zerdab.com\/#\/schema\/person\/image\/\",\"url\":\"https:\/\/secure.gravatar.com\/avatar\/d9c52a9a27c32119cb6679a077fa3e2779e5f822c451cbf01098004361d466ec?s=96&d=mm&r=g\",\"contentUrl\":\"https:\/\/secure.gravatar.com\/avatar\/d9c52a9a27c32119cb6679a077fa3e2779e5f822c451cbf01098004361d466ec?s=96&d=mm&r=g\",\"caption\":\"admin\"},\"url\":\"https:\/\/www.zerdab.com\/?author=1\"}]}<\/script>\n<!-- \/ Yoast SEO plugin. -->","yoast_head_json":{"title":"Qarav\u0259lli k\u0259nd komandas\u0131 Z\u0259rdabda futbol \u00fczr\u0259 \u00e7empion oldu - fotolar   - Z\u0259rdab.com","robots":{"index":"index","follow":"follow","max-snippet":"max-snippet:-1","max-image-preview":"max-image-preview:large","max-video-preview":"max-video-preview:-1"},"canonical":"https:\/\/www.zerdab.com\/?p=9988","og_locale":"az_AZ","og_type":"article","og_title":"Qarav\u0259lli k\u0259nd komandas\u0131 Z\u0259rdabda futbol \u00fczr\u0259 \u00e7empion oldu - fotolar   - Z\u0259rdab.com","og_description":"Zerdab.com sayt\u0131nda x\u0259b\u0259r verildiyi kimi, 10 aprel &#8211; 10 may 2013-c\u00fc il tarixl\u0259rd\u0259 Z\u0259rdab rayon M\u0259rk\u0259zi Stadionunda futbol idman n\u00f6v\u00fc \u00fczr\u0259 rayon \u00e7empionat\u0131 ke\u00e7irilirdi. Yar\u0131\u015f\u0131n m\u0259qs\u0259di \u00fcmummilli lider Heyd\u0259r \u018fliyevin anadan olmas\u0131n\u0131n 90-c\u0131 ild\u00f6n\u00fcm\u00fcn\u00fcn qeyd edilm\u0259si, rayonumuzda idman\u0131n futbol n\u00f6v\u00fcn\u00fcn k\u00fctl\u0259viliyinin inki\u015faf\u0131, g\u0259ncl\u0259rin idmana c\u0259lb edilm\u0259si, onlar\u0131n asud\u0259 vaxtlar\u0131n\u0131n t\u0259\u015fkili, respubilka turnirind\u0259 i\u015ftirak etm\u0259k \u00fcc\u00fcn [&hellip;]","og_url":"https:\/\/www.zerdab.com\/?p=9988","og_site_name":"Z\u0259rdab.com","article_published_time":"2013-05-13T06:21:31+00:00","article_modified_time":"2013-05-13T06:24:43+00:00","author":"admin","twitter_card":"summary_large_image","twitter_misc":{"Written by":"admin","Est. reading time":"1 minute"},"schema":{"@context":"https:\/\/schema.org","@graph":[{"@type":"Article","@id":"https:\/\/www.zerdab.com\/?p=9988#article","isPartOf":{"@id":"https:\/\/www.zerdab.com\/?p=9988"},"author":{"name":"admin","@id":"https:\/\/www.zerdab.com\/#\/schema\/person\/97079b7570c1e89ec0d9e138c3672136"},"headline":"Qarav\u0259lli k\u0259nd komandas\u0131 Z\u0259rdabda futbol \u00fczr\u0259 \u00e7empion oldu &#8211; fotolar","datePublished":"2013-05-13T06:21:31+00:00","dateModified":"2013-05-13T06:24:43+00:00","mainEntityOfPage":{"@id":"https:\/\/www.zerdab.com\/?p=9988"},"wordCount":207,"commentCount":23,"articleSection":["X\u018fB\u018fRL\u018fR"],"inLanguage":"az","potentialAction":[{"@type":"CommentAction","name":"Comment","target":["https:\/\/www.zerdab.com\/?p=9988#respond"]}]},{"@type":"WebPage","@id":"https:\/\/www.zerdab.com\/?p=9988","url":"https:\/\/www.zerdab.com\/?p=9988","name":"Qarav\u0259lli k\u0259nd komandas\u0131 Z\u0259rdabda futbol \u00fczr\u0259 \u00e7empion oldu - fotolar - Z\u0259rdab.com","isPartOf":{"@id":"https:\/\/www.zerdab.com\/#website"},"datePublished":"2013-05-13T06:21:31+00:00","dateModified":"2013-05-13T06:24:43+00:00","author":{"@id":"https:\/\/www.zerdab.com\/#\/schema\/person\/97079b7570c1e89ec0d9e138c3672136"},"breadcrumb":{"@id":"https:\/\/www.zerdab.com\/?p=9988#breadcrumb"},"inLanguage":"az","potentialAction":[{"@type":"ReadAction","target":["https:\/\/www.zerdab.com\/?p=9988"]}]},{"@type":"BreadcrumbList","@id":"https:\/\/www.zerdab.com\/?p=9988#breadcrumb","itemListElement":[{"@type":"ListItem","position":1,"name":"Home","item":"https:\/\/www.zerdab.com\/"},{"@type":"ListItem","position":2,"name":"Qarav\u0259lli k\u0259nd komandas\u0131 Z\u0259rdabda futbol \u00fczr\u0259 \u00e7empion oldu &#8211; fotolar"}]},{"@type":"WebSite","@id":"https:\/\/www.zerdab.com\/#website","url":"https:\/\/www.zerdab.com\/","name":"Z\u0259rdab.com","description":"","potentialAction":[{"@type":"SearchAction","target":{"@type":"EntryPoint","urlTemplate":"https:\/\/www.zerdab.com\/?s={search_term_string}"},"query-input":{"@type":"PropertyValueSpecification","valueRequired":true,"valueName":"search_term_string"}}],"inLanguage":"az"},{"@type":"Person","@id":"https:\/\/www.zerdab.com\/#\/schema\/person\/97079b7570c1e89ec0d9e138c3672136","name":"admin","image":{"@type":"ImageObject","inLanguage":"az","@id":"https:\/\/www.zerdab.com\/#\/schema\/person\/image\/","url":"https:\/\/secure.gravatar.com\/avatar\/d9c52a9a27c32119cb6679a077fa3e2779e5f822c451cbf01098004361d466ec?s=96&d=mm&r=g","contentUrl":"https:\/\/secure.gravatar.com\/avatar\/d9c52a9a27c32119cb6679a077fa3e2779e5f822c451cbf01098004361d466ec?s=96&d=mm&r=g","caption":"admin"},"url":"https:\/\/www.zerdab.com\/?author=1"}]}},"_links":{"self":[{"href":"https:\/\/www.zerdab.com\/index.php?rest_route=\/wp\/v2\/posts\/9988","targetHints":{"allow":["GET"]}}],"collection":[{"href":"https:\/\/www.zerdab.com\/index.php?rest_route=\/wp\/v2\/posts"}],"about":[{"href":"https:\/\/www.zerdab.com\/index.php?rest_route=\/wp\/v2\/types\/post"}],"author":[{"embeddable":true,"href":"https:\/\/www.zerdab.com\/index.php?rest_route=\/wp\/v2\/users\/1"}],"replies":[{"embeddable":true,"href":"https:\/\/www.zerdab.com\/index.php?rest_route=%2Fwp%2Fv2%2Fcomments&post=9988"}],"version-history":[{"count":4,"href":"https:\/\/www.zerdab.com\/index.php?rest_route=\/wp\/v2\/posts\/9988\/revisions"}],"predecessor-version":[{"id":9999,"href":"https:\/\/www.zerdab.com\/index.php?rest_route=\/wp\/v2\/posts\/9988\/revisions\/9999"}],"wp:attachment":[{"href":"https:\/\/www.zerdab.com\/index.php?rest_route=%2Fwp%2Fv2%2Fmedia&parent=9988"}],"wp:term":[{"taxonomy":"category","embeddable":true,"href":"https:\/\/www.zerdab.com\/index.php?rest_route=%2Fwp%2Fv2%2Fcategories&post=9988"},{"taxonomy":"post_tag","embeddable":true,"href":"https:\/\/www.zerdab.com\/index.php?rest_route=%2Fwp%2Fv2%2Ftags&post=9988"}],"curies":[{"name":"wp","href":"https:\/\/api.w.org\/{rel}","templated":true}]}}